{"id":32347,"date":"2010-11-11T12:58:22","date_gmt":"2010-11-11T16:58:22","guid":{"rendered":"http:\/\/www.redenoticia.com.br\/noticia\/?p=32347"},"modified":"2010-11-11T12:58:22","modified_gmt":"2010-11-11T16:58:22","slug":"mauricio-mattar-conta-sua-vida-no-livro-de-peito-aberto","status":"publish","type":"post","link":"https:\/\/migracao.redenoticia.com.br\/noticia\/2010\/mauricio-mattar-conta-sua-vida-no-livro-de-peito-aberto\/32347","title":{"rendered":"Maur\u00edcio Mattar conta sua vida no livro &#8220;De peito aberto&#8221;"},"content":{"rendered":"<p><img loading=\"lazy\" decoding=\"async\" class=\"alignleft size-full wp-image-32348\" title=\"mauricio mattar\" src=\"https:\/\/migracao.redenoticia.com.br\/noticia\/imagens\/mauricio-mattar.jpg\" alt=\"\" width=\"300\" height=\"193\" srcset=\"https:\/\/migracao.redenoticia.com.br\/noticia\/imagens\/mauricio-mattar.jpg 300w, https:\/\/migracao.redenoticia.com.br\/noticia\/imagens\/mauricio-mattar-250x160.jpg 250w, https:\/\/migracao.redenoticia.com.br\/noticia\/imagens\/mauricio-mattar-150x96.jpg 150w\" sizes=\"auto, (max-width: 300px) 100vw, 300px\" \/>Ator, compositor e cantor revela os bastidores de sua trajet\u00f3ria na  televis\u00e3o, teatro, cinema e nos palcos na obra a ser lan\u00e7ada pela Cole\u00e7\u00e3o  Aplauso no dia 22 de novembro (segunda-feira) no Rio de Janeiro.\u00a0<strong><em>Maur\u00edcio  Mattar<\/em><\/strong> nunca foi unanimidade. Talvez isso explique o tom confessional em \u201cDe  Peito Aberto\u201d, depoimento concedido a Tania Carvalho para a Cole\u00e7\u00e3o Aplauso, da  Imprensa Oficial do Estado de S\u00e3o Paulo. Aos 46 anos, esse carioca de porte  atl\u00e9tico, sorriso franco e estampa de gal\u00e3 aproveita a oportunidade para rever  sua carreira na TV, teatro, cinema e no show business. Sem censura, encara  assuntos pol\u00eamicos como a separa\u00e7\u00e3o dos pais, a inf\u00e2ncia vivida na casa de  parentes, a fama de bad boy, os atritos com gravadoras, os quatro casamentos, a  rela\u00e7\u00e3o com as drogas e a religi\u00e3o. O lan\u00e7amento est\u00e1 marcado para o dia 22 de  novembro, segunda-feira, a partir das 19 horas na Livraria da Travessa, em  Ipanema, Rio de Janeiro &#8211; Rua Visconde de Piraj\u00e1, 572.<\/p>\n<p>J\u00e1 no cap\u00edtulo inicial, sugestivamente denominado \u201cTempo de Falar\u201d, Maur\u00edcio  diz que aceitou ser biografado porque a gera\u00e7\u00e3o mais nova desconhecia seu  trabalho. \u201cH\u00e1 quem diga que estou na crise dos 40\u201d, se diverte. Tamb\u00e9m queria  evitar que as pessoas criassem mais confus\u00e3o em torno de seu nome. \u201cAcho at\u00e9  que, em alguns momentos da minha juventude, alimentei tudo isso\u201d, afirma. O  certo \u00e9 que hoje ele se considera um homem mais equilibrado. \u201cN\u00e3o sou mais de  saltos, arrancos, turbul\u00eancias. Tudo o que passei me serviu de li\u00e7\u00e3o. Se vou  errar, quero erros novos\u201d, desabafa.<\/p>\n<p>Ao contr\u00e1rio de boa parte das crian\u00e7as, a separa\u00e7\u00e3o dos pais aos cinco anos  n\u00e3o foi um trauma para Maur\u00edcio. O problema viria depois. Morou em casa de  parentes e viveu a inf\u00e2ncia entre a Tijuca, Copacabana e o Realengo. Tolhido  pela tia, foi estudar teatro para ter uma profiss\u00e3o. Aos 14 anos, saiu de casa e  foi morar com amigos.<\/p>\n<p>Gra\u00e7as a uma bolsa de estudos concedida por Maria Clara Machado estudou no  Teatro Tablado, onde conheceu os ent\u00e3o estudantes Andr\u00e9a Beltr\u00e3o, Pedro Cardoso,  Fernanda Torres e Chico Diaz. Nesta \u00e9poca, ganhava uns trocados como palha\u00e7o,  trabalhando na dupla \u201cBirosquinha e Bacalhau\u201d. \u00c0s vezes, dormia na rua por falta  de dinheiro para a condu\u00e7\u00e3o. Em 1982, estreou sua primeira pe\u00e7a profissional:  \u201cCapit\u00e3es de Areia\u201d, dirigida por Carlos Wilson.<\/p>\n<p>O sucesso levou \u00e0 montagem de \u201cOs 12 trabalhos de H\u00e9rcules\u201d, premiada com o  Mambembe de melhor espet\u00e1culo infantil. Ao protagonizar \u201cO Guarani\u201d foi  convidado por Paulo Ubiratan a participar da novela \u201cRoque Santeiro\u201d, que  estreou em 1985. Ao cl\u00e1ssico de Dias Gomes, seguiram as novelas \u201cCambalacho\u201d e  \u201cRainha da Sucata\u201d (S\u00edlvio de Abreu), \u201cLua Cheia de Amor\u201d (Ricardo Linhares), O  Salvador da P\u00e1tria (Lauro C\u00e9sar Muniz). A consagra\u00e7\u00e3o veio com o papel principal  de \u201cPedra sobre Pedra\u201d (Aguinaldo Silva).<\/p>\n<p>Incentivado por Caetano Veloso e outros m\u00fasicos partiu para seu primeiro  disco \u201cNo fundo do po\u00e7o\u201d, dirigido ao mercado pop rom\u00e2ntico por decis\u00e3o da Sony  Music. Gravou quatro discos em cinco anos, que venderam mais de 100 mil c\u00f3pias.  Tornou-se o astro principal de megashows. Meio cantor, meio ator come\u00e7ou a falar  mal da profiss\u00e3o de ator, o que \u201cmachucou muita gente\u201d. Ao sair da Sony, passou  por uma gravadora holandesa at\u00e9 chegar a Som Livre, com a qual gravou \u201cO Meu  Segundo Disco\u201d, lan\u00e7ado com sucesso na Europa.<\/p>\n<p>Ao falar sobre seu trabalho para a TV, lembra que a novela \u201cA Viagem\u201d (1994),  a \u00faltima escrita por Ivani Ribeiro, o fez reencontrar a doutrina esp\u00edrita que  aprendeu com o pai. Ali\u00e1s a religi\u00e3o \u00e9 algo muito presente em sua vida. Se  declara praticante e estudioso do budismo, pratica yoga e medita\u00e7\u00e3o.<\/p>\n<p>Do ponto de vista afetivo, Maur\u00edcio, depois de tr\u00eas casamentos, vive hoje uma  rela\u00e7\u00e3o \u201cmadura, tranquila e est\u00e1vel\u201d com a bailarina Keiry Costa, cuja filha  Nahuana Costa considera \u201cfilha do cora\u00e7\u00e3o\u201d. Por ela tem tanto carinho quanto por  seus filhos Lu\u00e3, Rayra e Petra. Pai coruja assumido, diz ter errado muito nos  seus relacionamentos afetivos pelas dificuldades que teve com as figuras  femininas na inf\u00e2ncia.<\/p>\n<p>O \u00faltimo cap\u00edtulo de sua biografia \u00e9 dedicado aos aspectos pol\u00eamicos ligados  \u00e0 sua imagem e ao r\u00f3tulo de bad boy. Neste per\u00edodo foi tachado de dependente  qu\u00edmico ao se internar num spa para \u201ctirar toda a qu\u00edmica do sangue\u201d.<\/p>\n<p>\u201cMuita gente foi para a imprensa falar horrores de mim e virou uma  carnificina\u201d, desabafa. Embora tenha convivido com dependentes qu\u00edmicos,  Maur\u00edcio se declara um homem do esporte. \u00c9 surfista, piloto profissional de v\u00f4o  livre e faixa preta de jiu-jitsu. Apesar dos dissabores, ele confessa ter  aprendido muito com o epis\u00f3dio. \u201cOs inimigos s\u00e3o a grande j\u00f3ia do praticante. Ou  seja, \u00e9 na dor que mais aprende. (&#8230;) E o mocinho, depois de apanhar muito, se  conseguir ficar de p\u00e9, acaba como her\u00f3i\u201d.<\/p>\n","protected":false},"excerpt":{"rendered":"<p>Ator, compositor e cantor revela os bastidores de sua trajet\u00f3ria na televis\u00e3o, teatro, cinema e nos palcos na obra a ser lan\u00e7ada pela Cole\u00e7\u00e3o Aplauso no dia 22 de novembro (segunda-feira) no Rio de Janeiro.\u00a0Maur\u00edcio Mattar nunca foi unanimidade. Talvez isso explique o tom confessional em \u201cDe Peito Aberto\u201d, depoimento concedido a Tania Carvalho para [&hellip;]<\/p>\n","protected":false},"author":3,"featured_media":32348,"comment_status":"open","ping_status":"open","sticky":false,"template":"","format":"standard","meta":{"tdm_status":"","tdm_grid_status":"","footnotes":""},"categories":[22,343],"tags":[],"class_list":{"0":"post-32347","1":"post","2":"type-post","3":"status-publish","4":"format-standard","5":"has-post-thumbnail","7":"category-brasil","8":"category-televisao"},"_links":{"self":[{"href":"https:\/\/migracao.redenoticia.com.br\/noticia\/wp-json\/wp\/v2\/posts\/32347","targetHints":{"allow":["GET"]}}],"collection":[{"href":"https:\/\/migracao.redenoticia.com.br\/noticia\/wp-json\/wp\/v2\/posts"}],"about":[{"href":"https:\/\/migracao.redenoticia.com.br\/noticia\/wp-json\/wp\/v2\/types\/post"}],"author":[{"embeddable":true,"href":"https:\/\/migracao.redenoticia.com.br\/noticia\/wp-json\/wp\/v2\/users\/3"}],"replies":[{"embeddable":true,"href":"https:\/\/migracao.redenoticia.com.br\/noticia\/wp-json\/wp\/v2\/comments?post=32347"}],"version-history":[{"count":0,"href":"https:\/\/migracao.redenoticia.com.br\/noticia\/wp-json\/wp\/v2\/posts\/32347\/revisions"}],"wp:featuredmedia":[{"embeddable":true,"href":"https:\/\/migracao.redenoticia.com.br\/noticia\/wp-json\/wp\/v2\/media\/32348"}],"wp:attachment":[{"href":"https:\/\/migracao.redenoticia.com.br\/noticia\/wp-json\/wp\/v2\/media?parent=32347"}],"wp:term":[{"taxonomy":"category","embeddable":true,"href":"https:\/\/migracao.redenoticia.com.br\/noticia\/wp-json\/wp\/v2\/categories?post=32347"},{"taxonomy":"post_tag","embeddable":true,"href":"https:\/\/migracao.redenoticia.com.br\/noticia\/wp-json\/wp\/v2\/tags?post=32347"}],"curies":[{"name":"wp","href":"https:\/\/api.w.org\/{rel}","templated":true}]}}