{"id":32349,"date":"2010-11-11T13:03:26","date_gmt":"2010-11-11T17:03:26","guid":{"rendered":"http:\/\/www.redenoticia.com.br\/noticia\/?p=32349"},"modified":"2010-11-11T13:03:26","modified_gmt":"2010-11-11T17:03:26","slug":"mtv-debate-o-enem-tem-que-acabar","status":"publish","type":"post","link":"https:\/\/migracao.redenoticia.com.br\/noticia\/2010\/mtv-debate-o-enem-tem-que-acabar\/32349","title":{"rendered":"MTV Debate: O ENEM tem que acabar?"},"content":{"rendered":"<p><img loading=\"lazy\" decoding=\"async\" class=\"alignleft size-full wp-image-32350\" title=\"enem 2010 mtv\" src=\"https:\/\/migracao.redenoticia.com.br\/noticia\/imagens\/enem-2010-mtv.jpg\" alt=\"\" width=\"301\" height=\"194\" srcset=\"https:\/\/migracao.redenoticia.com.br\/noticia\/imagens\/enem-2010-mtv.jpg 301w, https:\/\/migracao.redenoticia.com.br\/noticia\/imagens\/enem-2010-mtv-250x161.jpg 250w, https:\/\/migracao.redenoticia.com.br\/noticia\/imagens\/enem-2010-mtv-150x96.jpg 150w\" sizes=\"auto, (max-width: 301px) 100vw, 301px\" \/>Cerca de 3 milh\u00f5es e trezentos mil candidatos prestaram o <strong><em>Enem<\/em><\/strong> no ultimo dia  6 de novembro. A prova serve como vestibular em 84 universidades e institutos  federais, contabilizando pelo menos 83 mil vagas.<\/p>\n<p>Por\u00e9m, erros de impress\u00e3o no cabe\u00e7alho dos cart\u00e3o-resposta e em parte do  caderno de perguntas da cor amarela fizeram o Minist\u00e9rio da Educa\u00e7\u00e3o propor a  anula\u00e7\u00e3o parcial da prova.<\/p>\n<p>Nesse caso, 2 mil estudantes ou 0,04% do total de inscritos poderiam refazer  o exame. A decis\u00e3o n\u00e3o \u00e9 definitiva, j\u00e1 que a ju\u00edza Karla de Almeida da Miranda  Maia, da 7\u00aa Vara Federal no Cear\u00e1 concedeu liminar para a suspens\u00e3o total do  Enem e ainda quer avaliar o caso.<\/p>\n<p>O MTV Debate, que vai ao ar na pr\u00f3xima ter\u00e7a-feira, dia 16\/11 vai discutir:  afinal, o ENEM tem que acabar?<\/p>\n<p>MTV Debate<br \/>\nDia: 16\/11<br \/>\nExibi\u00e7\u00e3o: ter\u00e7a-feira \u00e0s 22h30 \u2013 ao  vivo<br \/>\nDura\u00e7\u00e3o: 1h<br \/>\nReprises: quarta-feira, \u00e0s 1h30 e quinta-feira, \u00e0s  14h<br \/>\nClassifica\u00e7\u00e3o Indicativa: Livre<\/p>\n<p>Sobre a MTV:<\/p>\n<p>A MTV Brasil \u00e9 uma TV aberta com transmiss\u00e3o em UHF. \u00c9 considerada a maior  emissora de TV jovem do pa\u00eds.<br \/>\nInaugurada em 1990, atualmente atinge 32  milh\u00f5es de domic\u00edlios, sendo 5,5 milh\u00f5es de jovens de 15 a 29 anos, das classes  AB em todo o pa\u00eds, mensalmente, segundo o IBOPE.<\/p>\n<p>A linguagem arrojada, a irrever\u00eancia e as principais novidades de m\u00fasica,  comportamento, variedades e tend\u00eancias fazem com que a MTV seja reconhecida por  lan\u00e7ar e consolidar modas e valores.<br \/>\nMTV 2010 \u2013 o canal dos ovos de ouro<\/p>\n","protected":false},"excerpt":{"rendered":"<p>Cerca de 3 milh\u00f5es e trezentos mil candidatos prestaram o Enem no ultimo dia 6 de novembro. A prova serve como vestibular em 84 universidades e institutos federais, contabilizando pelo menos 83 mil vagas. Por\u00e9m, erros de impress\u00e3o no cabe\u00e7alho dos cart\u00e3o-resposta e em parte do caderno de perguntas da cor amarela fizeram o Minist\u00e9rio [&hellip;]<\/p>\n","protected":false},"author":3,"featured_media":32350,"comment_status":"open","ping_status":"open","sticky":false,"template":"","format":"standard","meta":{"tdm_status":"","tdm_grid_status":"","footnotes":""},"categories":[22,343],"tags":[],"class_list":{"0":"post-32349","1":"post","2":"type-post","3":"status-publish","4":"format-standard","5":"has-post-thumbnail","7":"category-brasil","8":"category-televisao"},"_links":{"self":[{"href":"https:\/\/migracao.redenoticia.com.br\/noticia\/wp-json\/wp\/v2\/posts\/32349","targetHints":{"allow":["GET"]}}],"collection":[{"href":"https:\/\/migracao.redenoticia.com.br\/noticia\/wp-json\/wp\/v2\/posts"}],"about":[{"href":"https:\/\/migracao.redenoticia.com.br\/noticia\/wp-json\/wp\/v2\/types\/post"}],"author":[{"embeddable":true,"href":"https:\/\/migracao.redenoticia.com.br\/noticia\/wp-json\/wp\/v2\/users\/3"}],"replies":[{"embeddable":true,"href":"https:\/\/migracao.redenoticia.com.br\/noticia\/wp-json\/wp\/v2\/comments?post=32349"}],"version-history":[{"count":0,"href":"https:\/\/migracao.redenoticia.com.br\/noticia\/wp-json\/wp\/v2\/posts\/32349\/revisions"}],"wp:featuredmedia":[{"embeddable":true,"href":"https:\/\/migracao.redenoticia.com.br\/noticia\/wp-json\/wp\/v2\/media\/32350"}],"wp:attachment":[{"href":"https:\/\/migracao.redenoticia.com.br\/noticia\/wp-json\/wp\/v2\/media?parent=32349"}],"wp:term":[{"taxonomy":"category","embeddable":true,"href":"https:\/\/migracao.redenoticia.com.br\/noticia\/wp-json\/wp\/v2\/categories?post=32349"},{"taxonomy":"post_tag","embeddable":true,"href":"https:\/\/migracao.redenoticia.com.br\/noticia\/wp-json\/wp\/v2\/tags?post=32349"}],"curies":[{"name":"wp","href":"https:\/\/api.w.org\/{rel}","templated":true}]}}