{"id":32374,"date":"2010-11-12T18:42:57","date_gmt":"2010-11-12T22:42:57","guid":{"rendered":"http:\/\/www.redenoticia.com.br\/noticia\/?p=32374"},"modified":"2011-11-08T01:03:33","modified_gmt":"2011-11-08T03:03:33","slug":"enem-2010-download-do-gabarito","status":"publish","type":"post","link":"https:\/\/migracao.redenoticia.com.br\/noticia\/2010\/enem-2010-download-do-gabarito\/32374","title":{"rendered":"Enem 2010 &#8211; download do gabarito"},"content":{"rendered":"<p><strong><em><img loading=\"lazy\" decoding=\"async\" class=\"alignleft size-full wp-image-32375\" title=\"enem 2010 gabarito download\" src=\"https:\/\/migracao.redenoticia.com.br\/noticia\/imagens\/enem-2010-gabarito-download.jpg\" alt=\"\" width=\"300\" height=\"193\" srcset=\"https:\/\/migracao.redenoticia.com.br\/noticia\/imagens\/enem-2010-gabarito-download.jpg 300w, https:\/\/migracao.redenoticia.com.br\/noticia\/imagens\/enem-2010-gabarito-download-250x160.jpg 250w, https:\/\/migracao.redenoticia.com.br\/noticia\/imagens\/enem-2010-gabarito-download-150x96.jpg 150w\" sizes=\"auto, (max-width: 300px) 100vw, 300px\" \/>Enem 2010<\/em><\/strong> \u2013 o\u00a0MEC\u00a0disponibilizou para <strong><em>download<\/em><\/strong> a prova e o\u00a0<strong><em>gabarito<\/em><\/strong> para confer\u00eancia dos alunos que fizeram o Enem 2010. \u00a0As provas com gabarito oficial do Enem 2010 est\u00e3o dispon\u00edveis para download na p\u00e1gina <a href=\"http:\/\/www.enem.inep.gov.br\" target=\"_blank\">www.enem.inep.gov.br<\/a>. Caso o acesso esteja lento, o aluno pode acessar os arquivos pelos seguintes endere\u00e7os: Gabarito e provas do s\u00e1bado (Azul, Amarelo, Branco e Rosa) e o gabarito e provas do domingo (Azul, Amarelo, Branco e Rosa).<\/p>\n<p>Segundo o MEC os gabaritos foram produzidos e revisados por docentes de v\u00e1rias universidades do Pa\u00eds. O Enem foi aplicado nos dias 6 e 7 de novembro para aproximadamente 3,3 milh\u00f5es de candidatos. Os resultados individuais ser\u00e3o divulgados na primeira quinzena de janeiro de 2011.<\/p>\n<p>No dia 6, s\u00e1bado, foi aplicado o caderno com quest\u00f5es das \u00e1reas de Ci\u00eancias Humanas e suas Tecnologias e Ci\u00eancias da Natureza e suas Tecnologias, das 13h \u00e0s 17h30. No dia 7, domingo, foi a vez das \u00e1reas de Linguagens, C\u00f3digos e suas Tecnologias, mais a Reda\u00e7\u00e3o, e Matem\u00e1tica e suas Tecnologias, das 13h \u00e0s 18h30.<\/p>\n<p>Download do gabarito Enem 2010:<\/p>\n<p><strong>S\u00e1bado:<\/strong><\/p>\n<p><a href=\"https:\/\/migracao.redenoticia.com.br\/noticia\/imagens\/AZUL_Sabado_GAB.pdf\" target=\"_blank\">Azul;<\/a><\/p>\n<p><a href=\"https:\/\/migracao.redenoticia.com.br\/noticia\/imagens\/AMARELO_Sabado_GAB.pdf\" target=\"_blank\">Amarelo;<\/a><\/p>\n<p><a href=\"https:\/\/migracao.redenoticia.com.br\/noticia\/imagens\/BRANCO_Sabado_GAB.pdf\" target=\"_blank\">Branco;<\/a><\/p>\n<p><a href=\"https:\/\/migracao.redenoticia.com.br\/noticia\/imagens\/ROSA_Sabado_GAB.pdf\" target=\"_blank\">Rosa.<\/a><\/p>\n<p><strong>Domingo:<\/strong><\/p>\n<p><a href=\"https:\/\/migracao.redenoticia.com.br\/noticia\/imagens\/AMARELO_Domingo_GAB.pdf\" target=\"_blank\">Amarelo;<\/a><\/p>\n<p><a href=\"https:\/\/migracao.redenoticia.com.br\/noticia\/imagens\/CINZA_Domingo_GAB.pdf\" target=\"_blank\">Cinza;<\/a><\/p>\n<p><a href=\"https:\/\/migracao.redenoticia.com.br\/noticia\/imagens\/AZUL_Domingo_GAB.pdf\" target=\"_blank\">Azul;<\/a><\/p>\n<p><a href=\"https:\/\/migracao.redenoticia.com.br\/noticia\/imagens\/ROSA_Domingo_GAB.pdf\" target=\"_blank\">Rosa.<\/a><\/p>\n","protected":false},"excerpt":{"rendered":"<p>Enem 2010 \u2013 o\u00a0MEC\u00a0disponibilizou para download a prova e o\u00a0gabarito para confer\u00eancia dos alunos que fizeram o Enem 2010. \u00a0As provas com gabarito oficial do Enem 2010 est\u00e3o dispon\u00edveis para download na p\u00e1gina www.enem.inep.gov.br. Caso o acesso esteja lento, o aluno pode acessar os arquivos pelos seguintes endere\u00e7os: Gabarito e provas do s\u00e1bado (Azul, Amarelo, [&hellip;]<\/p>\n","protected":false},"author":3,"featured_media":32375,"comment_status":"open","ping_status":"open","sticky":false,"template":"","format":"standard","meta":{"tdm_status":"","tdm_grid_status":"","footnotes":""},"categories":[22,370,295],"tags":[],"class_list":{"0":"post-32374","1":"post","2":"type-post","3":"status-publish","4":"format-standard","5":"has-post-thumbnail","7":"category-brasil","8":"category-inscricao","9":"category-vestibular"},"_links":{"self":[{"href":"https:\/\/migracao.redenoticia.com.br\/noticia\/wp-json\/wp\/v2\/posts\/32374","targetHints":{"allow":["GET"]}}],"collection":[{"href":"https:\/\/migracao.redenoticia.com.br\/noticia\/wp-json\/wp\/v2\/posts"}],"about":[{"href":"https:\/\/migracao.redenoticia.com.br\/noticia\/wp-json\/wp\/v2\/types\/post"}],"author":[{"embeddable":true,"href":"https:\/\/migracao.redenoticia.com.br\/noticia\/wp-json\/wp\/v2\/users\/3"}],"replies":[{"embeddable":true,"href":"https:\/\/migracao.redenoticia.com.br\/noticia\/wp-json\/wp\/v2\/comments?post=32374"}],"version-history":[{"count":0,"href":"https:\/\/migracao.redenoticia.com.br\/noticia\/wp-json\/wp\/v2\/posts\/32374\/revisions"}],"wp:featuredmedia":[{"embeddable":true,"href":"https:\/\/migracao.redenoticia.com.br\/noticia\/wp-json\/wp\/v2\/media\/32375"}],"wp:attachment":[{"href":"https:\/\/migracao.redenoticia.com.br\/noticia\/wp-json\/wp\/v2\/media?parent=32374"}],"wp:term":[{"taxonomy":"category","embeddable":true,"href":"https:\/\/migracao.redenoticia.com.br\/noticia\/wp-json\/wp\/v2\/categories?post=32374"},{"taxonomy":"post_tag","embeddable":true,"href":"https:\/\/migracao.redenoticia.com.br\/noticia\/wp-json\/wp\/v2\/tags?post=32374"}],"curies":[{"name":"wp","href":"https:\/\/api.w.org\/{rel}","templated":true}]}}