{"id":32401,"date":"2010-11-15T16:26:17","date_gmt":"2010-11-15T20:26:17","guid":{"rendered":"http:\/\/www.redenoticia.com.br\/noticia\/?p=32401"},"modified":"2010-11-16T16:40:39","modified_gmt":"2010-11-16T20:40:39","slug":"meteorologia-%e2%80%93-previsao-do-tempo-para-terca-feira-1611","status":"publish","type":"post","link":"https:\/\/migracao.redenoticia.com.br\/noticia\/2010\/meteorologia-%e2%80%93-previsao-do-tempo-para-terca-feira-1611\/32401","title":{"rendered":"Meteorologia \u2013 previs\u00e3o do tempo para ter\u00e7a-feira 16\/11"},"content":{"rendered":"<p><img loading=\"lazy\" decoding=\"async\" class=\"alignleft size-full wp-image-28410\" title=\"previsao do tempo temperatura\" src=\"https:\/\/migracao.redenoticia.com.br\/noticia\/imagens\/previsao-do-tempo-temperatura.jpg\" alt=\"\" width=\"300\" height=\"193\" srcset=\"https:\/\/migracao.redenoticia.com.br\/noticia\/imagens\/previsao-do-tempo-temperatura.jpg 300w, https:\/\/migracao.redenoticia.com.br\/noticia\/imagens\/previsao-do-tempo-temperatura-250x160.jpg 250w, https:\/\/migracao.redenoticia.com.br\/noticia\/imagens\/previsao-do-tempo-temperatura-150x96.jpg 150w\" sizes=\"auto, (max-width: 300px) 100vw, 300px\" \/>Previs\u00e3o do tempo \u2013 a\u00a0<strong><em>meteorologia<\/em><\/strong> divulgou a <strong><em>previs\u00e3o do tempo<\/em><\/strong> e\u00a0temperatura\u00a0para segunda-feira 16\/11 e informa que o calor e a alta umidade do ar deixar\u00e3o o tempo nublado com pancadas de chuva em grande parte das Regi\u00f5es Norte, Centro-Oeste, Sudeste e no oeste e sul da Regi\u00e3o Nordeste do pa\u00eds. Segundo a previs\u00e3o do tempo h\u00e1 condi\u00e7\u00e3o para chuva forte em alguns pontos dessas \u00e1reas. Haver\u00e1 sol entre poucas nuvens na faixa que abrange o leste do PI, CE, RN e se estende at\u00e9 o nordeste da BA. Dados da previs\u00e3o do tempo indicam que na Regi\u00e3o Sul o sol aparece, mas \u00e1reas de instabilidade provocar\u00e3o pancadas de chuva em grande parte dos Estados dessa Regi\u00e3o, inclusive podendo ser localmente forte. A previs\u00e3o do tempo destaca que as temperaturas seguem amenas ns faixa leste da Regi\u00e3o Sudeste.<\/p>\n<p>Vale do Para\u00edba \u2013 previs\u00e3o do tempo em 16\/11: haver\u00e1 muitas nuvens e pancadas de chuva. As temperaturas estar\u00e3o est\u00e1veis.<\/p>\n<p>Regi\u00e3o Centro-Oeste \u2013 previs\u00e3o do tempo em 16\/11\/2010:\u00a0No nordeste de GO, centro-sul e oeste do MS e sudoeste do MT: sol, varia\u00e7\u00e3o de nuvens e pancadas de chuva. Nas demais \u00e1reas da Regi\u00e3o: nublado com pancadas de chuva, que podem ser localmente fortes. Temperaturas est\u00e1veis. Temperatura M\u00e1xima: 34C no noroeste de MT.<\/p>\n<p>Regi\u00e3o Nordeste \u2013 previs\u00e3o do tempo em 16\/11\/2010:\u00a0Na faixa oeste do MA, da BA e sul da BA: sol, varia\u00e7\u00e3o de nuvens e pancadas de chuva, que podem ser fortes no sudoeste da BA. No centro-leste do PI, norte e nordeste da BA, no CE, RN, PB, PE, AL e SE: dia de sol e poucas nuvens. Nas demais \u00e1reas do Regi\u00e3o: sol e poucas nuvens. Temperaturas amenas no sul da BA. Temperatura m\u00e1xima: 38C no norte do PI. Temperatura m\u00ednima: 18C no sudoeste da BA.<\/p>\n<p>Regi\u00e3o Norte \u2013 previs\u00e3o do tempo em 16\/11\/2010:\u00a0No AP, norte e nordeste do PA: sol, varia\u00e7\u00e3o de nuvens e pancadas de chuva. Nas demais \u00e1reas da Regi\u00e3o: nublado com pancadas de chuva, que podem ser localmente. Temperaturas est\u00e1veis. Temperatura m\u00e1xima: 38C no extremo sul de RO. Temperatura m\u00ednima: 18C no noroeste de RR.\u00a0Temperatura M\u00ednima: 14C no sul do MS.<\/p>\n<p>Regi\u00e3o Sudeste \u2013 previs\u00e3o do tempo em 16\/11\/2010:\u00a0No norte de MG e oeste de SP: sol com nebulosidade vari\u00e1vel e pancadas de chuva, que podem ser fortes. Nas demais \u00e1reas da Regi\u00e3o: nublado e fortes pancadas de chuva a qualquer hora do dia. Temperaturas amenas. Temperatura m\u00e1xima: 33C no extremo oeste de SP. Temperatura m\u00ednima: 15C na Serra da Mantiqueira e sul de MG.<\/p>\n<p>Regi\u00e3o Sul \u2013 previs\u00e3o do tempo em 16\/11\/2010:\u00a0No leste do PR e faixa litor\u00e2nea de SC: nublado e pancadas de chuva. No extremo sudoeste do PR, oeste de SC e centro-oeste do RS: sol com varia\u00e7\u00e3o de nuvens. No centro-sul do RS: possibilidade de chuva. Nas demais \u00e1reas da Regi\u00e3o: sol com varia\u00e7\u00e3o de nuvens e pancadas de chuva localizadas. Temperaturas est\u00e1veis. Temperatura m\u00e1xima: 30C no norte do PR. Temperatura m\u00ednima: 11C nas \u00e1reas de serra.<\/p>\n<p>Previs\u00e3o do tempo e temperatura CPTEC<\/p>\n","protected":false},"excerpt":{"rendered":"<p>Previs\u00e3o do tempo \u2013 a\u00a0meteorologia divulgou a previs\u00e3o do tempo e\u00a0temperatura\u00a0para segunda-feira 16\/11 e informa que o calor e a alta umidade do ar deixar\u00e3o o tempo nublado com pancadas de chuva em grande parte das Regi\u00f5es Norte, Centro-Oeste, Sudeste e no oeste e sul da Regi\u00e3o Nordeste do pa\u00eds. Segundo a previs\u00e3o do tempo [&hellip;]<\/p>\n","protected":false},"author":2,"featured_media":28410,"comment_status":"open","ping_status":"open","sticky":false,"template":"","format":"standard","meta":{"tdm_status":"","tdm_grid_status":"","footnotes":""},"categories":[22],"tags":[],"class_list":{"0":"post-32401","1":"post","2":"type-post","3":"status-publish","4":"format-standard","5":"has-post-thumbnail","7":"category-brasil"},"_links":{"self":[{"href":"https:\/\/migracao.redenoticia.com.br\/noticia\/wp-json\/wp\/v2\/posts\/32401","targetHints":{"allow":["GET"]}}],"collection":[{"href":"https:\/\/migracao.redenoticia.com.br\/noticia\/wp-json\/wp\/v2\/posts"}],"about":[{"href":"https:\/\/migracao.redenoticia.com.br\/noticia\/wp-json\/wp\/v2\/types\/post"}],"author":[{"embeddable":true,"href":"https:\/\/migracao.redenoticia.com.br\/noticia\/wp-json\/wp\/v2\/users\/2"}],"replies":[{"embeddable":true,"href":"https:\/\/migracao.redenoticia.com.br\/noticia\/wp-json\/wp\/v2\/comments?post=32401"}],"version-history":[{"count":0,"href":"https:\/\/migracao.redenoticia.com.br\/noticia\/wp-json\/wp\/v2\/posts\/32401\/revisions"}],"wp:featuredmedia":[{"embeddable":true,"href":"https:\/\/migracao.redenoticia.com.br\/noticia\/wp-json\/wp\/v2\/media\/28410"}],"wp:attachment":[{"href":"https:\/\/migracao.redenoticia.com.br\/noticia\/wp-json\/wp\/v2\/media?parent=32401"}],"wp:term":[{"taxonomy":"category","embeddable":true,"href":"https:\/\/migracao.redenoticia.com.br\/noticia\/wp-json\/wp\/v2\/categories?post=32401"},{"taxonomy":"post_tag","embeddable":true,"href":"https:\/\/migracao.redenoticia.com.br\/noticia\/wp-json\/wp\/v2\/tags?post=32401"}],"curies":[{"name":"wp","href":"https:\/\/api.w.org\/{rel}","templated":true}]}}