{"id":32479,"date":"2010-11-22T10:46:09","date_gmt":"2010-11-22T14:46:09","guid":{"rendered":"http:\/\/www.redenoticia.com.br\/noticia\/?p=32479"},"modified":"2010-11-22T10:47:01","modified_gmt":"2010-11-22T14:47:01","slug":"etecs-divulgam-gabarito-do-vestibulinho","status":"publish","type":"post","link":"https:\/\/migracao.redenoticia.com.br\/noticia\/2010\/etecs-divulgam-gabarito-do-vestibulinho\/32479","title":{"rendered":"Etecs divulgam gabarito do Vestibulinho"},"content":{"rendered":"<p><img loading=\"lazy\" decoding=\"async\" class=\"alignleft size-full wp-image-28974\" title=\"concurso prova gabarito\" src=\"https:\/\/migracao.redenoticia.com.br\/noticia\/imagens\/concurso-prova-gabarito.jpg\" alt=\"\" width=\"300\" height=\"193\" srcset=\"https:\/\/migracao.redenoticia.com.br\/noticia\/imagens\/concurso-prova-gabarito.jpg 300w, https:\/\/migracao.redenoticia.com.br\/noticia\/imagens\/concurso-prova-gabarito-250x160.jpg 250w, https:\/\/migracao.redenoticia.com.br\/noticia\/imagens\/concurso-prova-gabarito-150x96.jpg 150w\" sizes=\"auto, (max-width: 300px) 100vw, 300px\" \/>J\u00e1 est\u00e1 nos sites <a href=\"http:\/\/www.centropaulasouza.sp.gov.b\/\" target=\"_blank\">www.centropaulasouza.sp.gov.b<\/a>r e  <a href=\"http:\/\/www.vestibulinhoetec.com.br\/\" target=\"_blank\">www.vestibulinhoetec.com.br <\/a>o  <strong><em>gabarito<\/em><\/strong> da prova do Vestibulinho para o primeiro semestre de 2011 das Escolas  T\u00e9cnicas (<strong><em>Etecs<\/em><\/strong>) estaduais. Mais de 314 mil candidatos se inscreveram  para concorrer as 85.112 vagas oferecidas no processo seletivo para o primeiro  semestre de 2011 \u2013 65.919 para o Ensino T\u00e9cnico e 19.193 vagas para o Ensino  M\u00e9dio nas Etecs.<\/p>\n<p>Os cinco cursos t\u00e9cnicos mais procurados nesse  Vestibulinho s\u00e3o:\u00a0Enfermagem, da Etec Carlos de Campos, em S\u00e3o Paulo  (19,48 candidatos\/vaga, no per\u00edodo da manh\u00e3), Seguran\u00e7a do Trabalho, da Etec  Dona Escol\u00e1stica Rosa, de Santos (15,68 candidatos\/vaga \u00e0 noite), Edifica\u00e7\u00f5es,  da Etec Guaracy Silveira, S\u00e3o Paulo (14,45 candidatos\/vaga, \u00e0 noite),  Administra\u00e7\u00e3o, da Etec Dona Escol\u00e1stica Rosa, de Santos (13,33 candidatos\/vaga,  \u00e0 noite) e Seguran\u00e7a do Trabalho, da Etec Prof. Apr\u00edgio Gonzaga (13,30  candidatos\/vaga, \u00e0 noite).<\/p>\n<p>No Ensino M\u00e9dio, as cinco Etecs que tiveram o  maior \u00edndice candidato\/ vaga neste processo seletivo foram:\u00a0Etec de Santo  Amaro, em S\u00e3o Paulo (21,39 candidatos\/vaga no per\u00edodo da manh\u00e3), Etec S\u00e3o  Mateus, S\u00e3o Paulo (15,66 candidatos\/vaga no per\u00edodo da manh\u00e3), Etec Doutora Ruth  Cardoso, de S\u00e3o Vicente (12,49 candidatos\/vaga no per\u00edodo da manh\u00e3), Etec de S\u00e3o  Jos\u00e9 dos Campos (11,81 candidatos\/vaga no per\u00edodo da manh\u00e3) e Etec Parque da  Juventude, S\u00e3o Paulo (11,48 candidatos\/vaga no per\u00edodo da manh\u00e3).<\/p>\n<p>Divulga\u00e7\u00e3o dos resultados<\/p>\n<p>A lista de classifica\u00e7\u00e3o geral ser\u00e1  divulgada no dia 13 de janeiro de 2011, na Etec onde o candidato pretende  estudar e, tamb\u00e9m, nos sites www.centropaulasouza.sp.gov.bre  www.vestibulinhoetec.com.br.<\/p>\n<p>Os convocados devem fazer a matr\u00edcula, no  hor\u00e1rio definido pela unidade de ensino, nos seguintes dias:<\/p>\n<p>* 17 e 18 de janeiro de 2011 1\u00aa lista de convoca\u00e7\u00e3o e matr\u00edcula;<br \/>\n* 19 e 20  de janeiro de 2011 2\u00aa lista de convoca\u00e7\u00e3o e matr\u00edcula;<br \/>\n* 21 de janeiro de  2011 3\u00aa lista de convoca\u00e7\u00e3o e matr\u00edcula;<br \/>\n* 24 de janeiro de 2011 4\u00aa lista de  convoca\u00e7\u00e3o e matr\u00edcula;<br \/>\n* 26 de janeiro de 2011 5\u00aa lista de convoca\u00e7\u00e3o e  matr\u00edcula.<\/p>\n<p>Documentos para Matr\u00edcula<\/p>\n<p>Para quem se inscreveu no  Ensino M\u00e9dio: requerimento de matr\u00edcula \u2013 ser\u00e1 fornecido pela Etec \u2013 preenchido  e assinado. Se o candidato tiver menos de 16 anos no momento da matr\u00edcula,  caber\u00e1 a seu respons\u00e1vel legal assinar o documento; c\u00f3pia simples com  apresenta\u00e7\u00e3o do original da C\u00e9dula de Identidade (RG); duas fotos 3&#215;4 recentes e  iguais.<\/p>\n<p>Quem tiver conclu\u00eddo o Ensino Fundamental regular, deve levar  c\u00f3pia simples com apresenta\u00e7\u00e3o do original do Hist\u00f3rico Escolar com Certificado  de Conclus\u00e3o do Ensino Fundamental; ou documento original da Declara\u00e7\u00e3o de  Conclus\u00e3o do Ensino Fundamental, firmada pela dire\u00e7\u00e3o da escola de origem,  contendo a data em que o certificado e o hist\u00f3rico ser\u00e3o emitidos.<\/p>\n<p>Quem  tiver conclu\u00eddo o Ensino de Educa\u00e7\u00e3o de Jovens e Adultos \u2013 EJA (supletivo) ou o  Exame Nacional para Certifica\u00e7\u00e3o de Compet\u00eancias de Jovens e Adultos &#8211; Encceja,  deve levar c\u00f3pia simples com apresenta\u00e7\u00e3o do original do Hist\u00f3rico Escolar com  Certificado de Conclus\u00e3o do Ensino Fundamental ou boletim de aprova\u00e7\u00e3o do  Encceja emitido e enviado pelo MEC ou documento original da Declara\u00e7\u00e3o de  Conclus\u00e3o do Ensino Fundamental, firmada pela dire\u00e7\u00e3o da escola de origem,  contendo a data em que o certificado e o hist\u00f3rico ser\u00e3o emitidos.<\/p>\n<p>Para  quem vai ingressar no curso T\u00e9cnico: requerimento de matr\u00edcula &#8212; fornecido pela  Etec &#8211;, preenchido e assinado. Se o candidato tiver menos de 16 anos, no  momento da matr\u00edcula, caber\u00e1 a seu respons\u00e1vel legal assinar o documento; c\u00f3pia  simples com apresenta\u00e7\u00e3o do original da C\u00e9dula de Identidade (RG); duas fotos  3&#215;4 recentes e iguais.<\/p>\n<p>Quem fizer ou j\u00e1 tiver conclu\u00eddo o Ensino M\u00e9dio  regular, deve levar c\u00f3pia<br \/>\nsimples com apresenta\u00e7\u00e3o do original do Hist\u00f3rico  Escolar com Certificado de Conclus\u00e3o do Ensino M\u00e9dio; ou documento original da  Declara\u00e7\u00e3o de Conclus\u00e3o do Ensino M\u00e9dio, firmada pela dire\u00e7\u00e3o da escola de  origem, contendo a data em que o certificado e o hist\u00f3rico ser\u00e3o emitidos; ou  documento original da declara\u00e7\u00e3o que o candidato est\u00e1 matriculado a partir da 2\u00aa  s\u00e9rie do Ensino M\u00e9dio.<\/p>\n<p>Quem fizer ou j\u00e1 tiver conclu\u00eddo o Ensino de  Educa\u00e7\u00e3o de Jovens e Adultos \u2013 EJA (supletivo) ou o Exame Nacional para  Certifica\u00e7\u00e3o de Compet\u00eancias de Jovens e Adultos &#8211; Encceja, deve levar c\u00f3pia  simples com apresenta\u00e7\u00e3o do original do Hist\u00f3rico Escolar com Certificado de  Conclus\u00e3o do Ensino M\u00e9dio ou documento original da Declara\u00e7\u00e3o de Conclus\u00e3o do  Ensino M\u00e9dio, firmada pela dire\u00e7\u00e3o da escola de origem, contendo a data em que o  certificado e o hist\u00f3rico ser\u00e3o emitidos ou da declara\u00e7\u00e3o de que est\u00e1  matriculado a partir do segundo semestre da EJA ou c\u00f3pia simples com  apresenta\u00e7\u00e3o do original de dois certificados de aprova\u00e7\u00e3o em \u00e1reas de estudos  da EJA ou boletim de aprova\u00e7\u00e3o do Encceja emitido e enviado pelo MEC ou  certificado de aprova\u00e7\u00e3o do Encceja em duas \u00e1reas de estudos avaliadas, emitido  e enviado pelo MEC, ou documentos que comprovem a elimina\u00e7\u00e3o de no m\u00ednimo quatro  disciplinas.<\/p>\n<p>Para o candidato que realizou o Exame Nacional do Ensino  M\u00e9dio (Enem) \u2013Certificado de Conclus\u00e3o do Ensino M\u00e9dio, expedido pelos  institutos federais ou pela Secretaria do Estado.<\/p>\n<p>O candidato que  ingressou no Sistema de Pontua\u00e7\u00e3o Acrescida pelo item escolaridade p\u00fablica, se  convocado para matr\u00edcula, tanto para o Ensino M\u00e9dio como para o Ensino T\u00e9cnico,  dever\u00e1, obrigatoriamente, levar a c\u00f3pia simples com apresenta\u00e7\u00e3o do original da  declara\u00e7\u00e3o escolar ou do hist\u00f3rico escolar, contendo o detalhamento das s\u00e9ries  cursadas e o nome da escola, para comprovar que cursou integralmente da 5\u00aa a 8\u00aa  s\u00e9rie ou do 6\u00ba ao 9\u00ba ano do Ensino Fundamental em institui\u00e7\u00f5es  p\u00fablicas.<\/p>\n<p>Outras informa\u00e7\u00f5es pelos telefones (11) 3471-4071 (Capital  e Grande S\u00e3o Paulo) e 0800-772 2829 (demais localidades) e pelo site<br \/>\nwww.vestibulinhoetec.com.br<\/p>\n<p>Sobre o Centro Paula Souza \u2013  Autarquia do Governo do Estado de S\u00e3o Paulo ligada \u00e0 Secretaria de  Desenvolvimento, o Centro Paula Souza administra Faculdades de Tecnologia  (Fatecs) e Escolas T\u00e9cnicas (Etecs) estaduais, al\u00e9m das classes descentralizadas  \u2013 unidades que funcionam com um ou mais cursos t\u00e9cnicos em parceria com  prefeituras ou empresas, sob a supervis\u00e3o de uma Etec \u2013, em mais de 200 cidades  paulistas. As Etecs atendem cerca de 200 mil estudantes, no Ensino M\u00e9dio e no  Ensino T\u00e9cnico, para os setores Industrial, Agropecu\u00e1rio e de Servi\u00e7os. Nas  Fatecs, mais de 46 mil alunos est\u00e3o matriculados nos cursos de gradua\u00e7\u00e3o  tecnol\u00f3gica.<\/p>\n","protected":false},"excerpt":{"rendered":"<p>J\u00e1 est\u00e1 nos sites www.centropaulasouza.sp.gov.br e www.vestibulinhoetec.com.br o gabarito da prova do Vestibulinho para o primeiro semestre de 2011 das Escolas T\u00e9cnicas (Etecs) estaduais. Mais de 314 mil candidatos se inscreveram para concorrer as 85.112 vagas oferecidas no processo seletivo para o primeiro semestre de 2011 \u2013 65.919 para o Ensino T\u00e9cnico e 19.193 vagas [&hellip;]<\/p>\n","protected":false},"author":3,"featured_media":28974,"comment_status":"open","ping_status":"open","sticky":false,"template":"","format":"standard","meta":{"tdm_status":"","tdm_grid_status":"","footnotes":""},"categories":[22,370,295],"tags":[],"class_list":{"0":"post-32479","1":"post","2":"type-post","3":"status-publish","4":"format-standard","5":"has-post-thumbnail","7":"category-brasil","8":"category-inscricao","9":"category-vestibular"},"_links":{"self":[{"href":"https:\/\/migracao.redenoticia.com.br\/noticia\/wp-json\/wp\/v2\/posts\/32479","targetHints":{"allow":["GET"]}}],"collection":[{"href":"https:\/\/migracao.redenoticia.com.br\/noticia\/wp-json\/wp\/v2\/posts"}],"about":[{"href":"https:\/\/migracao.redenoticia.com.br\/noticia\/wp-json\/wp\/v2\/types\/post"}],"author":[{"embeddable":true,"href":"https:\/\/migracao.redenoticia.com.br\/noticia\/wp-json\/wp\/v2\/users\/3"}],"replies":[{"embeddable":true,"href":"https:\/\/migracao.redenoticia.com.br\/noticia\/wp-json\/wp\/v2\/comments?post=32479"}],"version-history":[{"count":0,"href":"https:\/\/migracao.redenoticia.com.br\/noticia\/wp-json\/wp\/v2\/posts\/32479\/revisions"}],"wp:featuredmedia":[{"embeddable":true,"href":"https:\/\/migracao.redenoticia.com.br\/noticia\/wp-json\/wp\/v2\/media\/28974"}],"wp:attachment":[{"href":"https:\/\/migracao.redenoticia.com.br\/noticia\/wp-json\/wp\/v2\/media?parent=32479"}],"wp:term":[{"taxonomy":"category","embeddable":true,"href":"https:\/\/migracao.redenoticia.com.br\/noticia\/wp-json\/wp\/v2\/categories?post=32479"},{"taxonomy":"post_tag","embeddable":true,"href":"https:\/\/migracao.redenoticia.com.br\/noticia\/wp-json\/wp\/v2\/tags?post=32479"}],"curies":[{"name":"wp","href":"https:\/\/api.w.org\/{rel}","templated":true}]}}