{"id":3249,"date":"2009-06-19T17:29:53","date_gmt":"2009-06-19T21:29:53","guid":{"rendered":"http:\/\/www.redenoticia.com.br\/noticia\/?p=3249"},"modified":"2009-06-19T17:29:53","modified_gmt":"2009-06-19T21:29:53","slug":"balanco-do-pac-em-rondonia","status":"publish","type":"post","link":"https:\/\/migracao.redenoticia.com.br\/noticia\/2009\/balanco-do-pac-em-rondonia\/3249","title":{"rendered":"Balan\u00e7o do PAC em Rond\u00f4nia"},"content":{"rendered":"<p><span style=\"font-family: Arial; font-size: small;\"><strong><br \/>\n<\/strong><\/span><\/p>\n<p><span style=\"font-family: Arial; font-size: small;\">Ap\u00f3s visitarem a usina de Santo  Antonio, em Porto Velho, o governador de Rond\u00f4nia Ivo Cassol, que estava acompanhado do  secret\u00e1rio de Planejamento Jo\u00e3o Carlos Ribeiro, e a ministra Dilma Roussef,  acompanhada dos ministros Alfredo Nascimento, dos transportes, M\u00e1rcio Fortes,  das Cidades, e Marcos Zimmerman, ministro interino das Minas e Energia, al\u00e9m do  prefeito Roberto Sobrinho, de Porto Velho, foram ao audit\u00f3rio da O.A.B. para  fazerem um balan\u00e7o das obras do P.A.C. em andamento no pa\u00eds, em especial na  regi\u00e3o Norte.<\/span><\/p>\n<p align=\"justify\"><span style=\"font-family: Arial; font-size: small;\">No audit\u00f3rio completamente tomado, o  prefeito Roberto Sobrinho destacou a import\u00e2ncia das obras para o munic\u00edpio, na  melhoria da qualidade de vida da popula\u00e7\u00e3o, uma vez que o munic\u00edpio n\u00e3o disp\u00f5e  de recursos suficientes para execut\u00e1-las, por isso foi fundamental que o Governo  Federal disponibilizasse recursos para, em parceria com o Governo do Estado,  construir a rede de \u00e1gua tratada e o esgotamento sanit\u00e1rio, obras que o  munic\u00edpio n\u00e3o aplica recursos.<\/span><\/p>\n<p align=\"justify\"><span style=\"font-family: Arial; font-size: small;\">Ao fazer uso da palavra, o governador  Ivo Cassol agradeceu \u00e0 ministra pela libera\u00e7\u00e3o dos recursos e por acreditar na  capacidade administrativa do Governo do Estado, uma vez que Rond\u00f4nia \u00e9 o estado  onde as obras do P.A.C. est\u00e3o dentro do cronograma, ao contr\u00e1rio dos demais que  passam por dificuldades financeiras e administrativas.<\/span><\/p>\n<p align=\"justify\"><span style=\"font-family: Arial; font-size: small;\">Cassol tamb\u00e9m aproveitou para entregar  \u00e0 ministra o pedido de execu\u00e7\u00e3o das obras do anel vi\u00e1rio de Porto Velho, obra  com cerca de 30 quil\u00f4metros de extens\u00e3o que ir\u00e1 desviar o tr\u00e2nsito pesado da  regi\u00e3o urbana da capital. \u201cMinistra, hoje o tr\u00e2nsito j\u00e1 est\u00e1 ca\u00f3tico, imagine  com mais de 1.000 carretas passando por dia levando nossas exporta\u00e7\u00f5es para o  porto ou material para constru\u00e7\u00e3o das usinas\u201d, disse.<\/span><\/p>\n<p align=\"justify\"><span style=\"font-family: Arial; font-size: small;\">De acordo com a proposta, o anel vi\u00e1rio  norte sairia da BR-364 na altura do posto da Pol\u00edcia Rodovi\u00e1ria Federal, pr\u00f3ximo  a divisa com o munic\u00edpio de Candeias, at\u00e9 o porto da capital, passando por fora  do munic\u00edpio e contribuindo com a melhoria do tr\u00e1fego e escoamento da produ\u00e7\u00e3o  vinda do interior e a soja do Mato Grosso.<\/span><\/p>\n<p align=\"justify\"><span style=\"font-family: Arial; font-size: small;\">A ministra destacou a import\u00e2ncia das  obras do P.A.C. no desenvolvimento do pa\u00eds, no combate ao desemprego e na  distribui\u00e7\u00e3o de renda, que conseq\u00fcentemente ir\u00e1 trazer melhoria na qualidade de  vida da popula\u00e7\u00e3o. \u201cO Governo Federal tem recursos, contrata e executa as obras,  hoje a nossa realidade \u00e9 outra\u201d, disse.<\/span><\/p>\n<p align=\"justify\"><span style=\"font-family: Arial; font-size: small;\">Os ministros Alfredo Nascimento, Marcos  Zimmerman e M\u00e1rcio Fortes falaram na seq\u00fc\u00eancia, mostraram os n\u00fameros dos  investimentos e destacaram as obras estruturantes que est\u00e3o sendo executadas no  estado, com destaque para as obras de esgotamento sanit\u00e1rio e \u00e1gua tratada na  capital, a duplica\u00e7\u00e3o da BR-364, o asfaltamento da BR-429 no trecho entre a  BR-364 e S\u00e3o Miguel do Guapor\u00e9, entre outros.<\/span><\/p>\n<p align=\"justify\"><span style=\"font-family: Arial; font-size: small;\">Ao final, foi assinada a ordem de  servi\u00e7o para a constru\u00e7\u00e3o dos viadutos de Porto Velho e o governador Ivo Cassol  entregou \u00e0 ministra Dilma Roussef e aos ministros Marcio Fortes e Alfredo  Nascimento a Medalha do M\u00e9rito Rondon, que comemora os 100 anos do marechal  Rondon e \u00e9 entregue \u00e0s pessoas que de alguma maneira contribu\u00edram com o  crescimento do estado.<\/span><\/p>\n<p align=\"justify\"><span style=\"font-family: Arial; font-size: small;\"><strong>Entrevista coletiva \u00e0 imprensa e  assinatura da ordem de servi\u00e7o do esgoto<\/strong><\/span><\/p>\n<p align=\"justify\"><span style=\"font-family: Arial; font-size: small;\">Enquanto os t\u00e9cnicos dos minist\u00e9rios se  reuniram com os prefeitos e secret\u00e1rios sobre o andamento dos projetos em  Bras\u00edlia, o governador Ivo Cassol e os ministros concederam entrevista coletiva  a imprensa no plen\u00e1rio da O.A.B.<\/span><\/p>\n<p align=\"justify\"><span style=\"font-family: Arial; font-size: small;\">A ministra Dilma Roussef foi taxativa  ao afirmar que n\u00e3o fala sobre candidatura \u00e0 presid\u00eancia em hip\u00f3tese alguma, e  garantiu que sua sa\u00fade est\u00e1 \u00f3tima, mesmo ap\u00f3s os tratamento quimioter\u00e1pico que  tem enfrentado.<\/span><\/p>\n<p align=\"justify\"><span style=\"font-family: Arial; font-size: small;\">Falou tamb\u00e9m da grande import\u00e2ncia para  a popula\u00e7\u00e3o a regulariza\u00e7\u00e3o fundi\u00e1ria que est\u00e1 sendo implantada com a opera\u00e7\u00e3o  \u201cArco Verde\u201d, e que isso n\u00e3o significa que o Governo Federal vai afrouxar a  fiscaliza\u00e7\u00e3o em rela\u00e7\u00e3o ao desmatamento na Amaz\u00f4nia.<\/span><\/p>\n<p align=\"justify\"><span style=\"font-family: Arial; font-size: small;\">Questionado sobre as diferen\u00e7as  partid\u00e1rias para execu\u00e7\u00e3o de obras e parcerias, o governador Ivo Cassol deixou  claro que \u201cn\u00e3o faz cortesia com chap\u00e9u alheio\u201d, e que vai continuar fazendo  conv\u00eanios com o Governo Federal e com os munic\u00edpios. \u201cIndependente da cor  partid\u00e1ria, fomos eleitos para governar para o povo, e temos que divulgar a  verdade\u201d, disse referindo-se aos investimentos do Governo do Estado nas obras da  \u00e1gua e do esgoto da capital em parceria com o Governo Federal, obra que n\u00e3o tem  recursos da prefeitura do munic\u00edpio.<\/span><\/p>\n","protected":false},"excerpt":{"rendered":"<p>Ap\u00f3s visitarem a usina de Santo Antonio, em Porto Velho, o governador de Rond\u00f4nia Ivo Cassol, que estava acompanhado do secret\u00e1rio de Planejamento Jo\u00e3o Carlos Ribeiro, e a ministra Dilma Roussef, acompanhada dos ministros Alfredo Nascimento, dos transportes, M\u00e1rcio Fortes, das Cidades, e Marcos Zimmerman, ministro interino das Minas e Energia, al\u00e9m do prefeito Roberto [&hellip;]<\/p>\n","protected":false},"author":3,"featured_media":0,"comment_status":"open","ping_status":"open","sticky":false,"template":"","format":"standard","meta":{"tdm_status":"","tdm_grid_status":"","footnotes":""},"categories":[22],"tags":[],"class_list":{"0":"post-3249","1":"post","2":"type-post","3":"status-publish","4":"format-standard","6":"category-brasil"},"_links":{"self":[{"href":"https:\/\/migracao.redenoticia.com.br\/noticia\/wp-json\/wp\/v2\/posts\/3249","targetHints":{"allow":["GET"]}}],"collection":[{"href":"https:\/\/migracao.redenoticia.com.br\/noticia\/wp-json\/wp\/v2\/posts"}],"about":[{"href":"https:\/\/migracao.redenoticia.com.br\/noticia\/wp-json\/wp\/v2\/types\/post"}],"author":[{"embeddable":true,"href":"https:\/\/migracao.redenoticia.com.br\/noticia\/wp-json\/wp\/v2\/users\/3"}],"replies":[{"embeddable":true,"href":"https:\/\/migracao.redenoticia.com.br\/noticia\/wp-json\/wp\/v2\/comments?post=3249"}],"version-history":[{"count":0,"href":"https:\/\/migracao.redenoticia.com.br\/noticia\/wp-json\/wp\/v2\/posts\/3249\/revisions"}],"wp:attachment":[{"href":"https:\/\/migracao.redenoticia.com.br\/noticia\/wp-json\/wp\/v2\/media?parent=3249"}],"wp:term":[{"taxonomy":"category","embeddable":true,"href":"https:\/\/migracao.redenoticia.com.br\/noticia\/wp-json\/wp\/v2\/categories?post=3249"},{"taxonomy":"post_tag","embeddable":true,"href":"https:\/\/migracao.redenoticia.com.br\/noticia\/wp-json\/wp\/v2\/tags?post=3249"}],"curies":[{"name":"wp","href":"https:\/\/api.w.org\/{rel}","templated":true}]}}