{"id":32530,"date":"2010-11-24T08:47:02","date_gmt":"2010-11-24T12:47:02","guid":{"rendered":"http:\/\/www.redenoticia.com.br\/noticia\/?p=32530"},"modified":"2010-11-24T08:47:02","modified_gmt":"2010-11-24T12:47:02","slug":"fatecs-divulgam-indice-candidatovaga-do-vestibular","status":"publish","type":"post","link":"https:\/\/migracao.redenoticia.com.br\/noticia\/2010\/fatecs-divulgam-indice-candidatovaga-do-vestibular\/32530","title":{"rendered":"Fatecs divulgam \u00edndice candidato\/vaga do Vestibular"},"content":{"rendered":"<h2><span style=\"font-weight: normal; font-size: 13px;\">O curso de gradua\u00e7\u00e3o tecnol\u00f3gica de An\u00e1lise e Desenvolvimento de Sistemas, da <\/span><span style=\"font-size: 13px;\"><em>Fatec<\/em><\/span><span style=\"font-weight: normal; font-size: 13px;\"> Carapicu\u00edba, \u00e9 o mais procurado no <\/span><span style=\"font-size: 13px;\"><em>Vestibular<\/em><\/span><span style=\"font-weight: normal; font-size: 13px;\"> das Faculdades de Tecnologia  (Fatecs) do Estado de S\u00e3o Paulo. Ao todo, 768 candidatos se inscreveram para  disputar as 40 vagas oferecidas, o que representa uma rela\u00e7\u00e3o de 19,20  candidatos por vaga.<\/span><\/h2>\n<p>No processo seletivo para o primeiro semestre do  pr\u00f3ximo ano, 47.946 candidatos v\u00e3o concorrer \u00e0s 10.250 vagas, distribu\u00eddas entre  as 49 Fatecs, o que representa um crescimento de 1.060 vagas em rela\u00e7\u00e3o ao mesmo  per\u00edodo do ano anterior (9.190). A prova do Vestibular ser\u00e1 no dia 5 de  dezembro.<\/p>\n<p>A demanda por curso e unidade est\u00e1 dispon\u00edvel no site <a href=\"http:\/\/www.vestibularfatec.com.br\/\" target=\"_blank\">www.vestibularfatec.com.br<\/a>.  Conhe\u00e7a os cursos com maior \u00edndice de candidato vaga neste processo seletivo <a href=\"http:\/\/www.saopaulo.sp.gov.br\/usr\/share\/documents\/202.JPG\" target=\"_blank\">aqui<\/a>.<\/p>\n<p>Novidades<\/p>\n<p>O  Vestibular para o 1\u00ba semestre de 2011 vai oferecer 55 cursos de gradua\u00e7\u00e3o  tecnol\u00f3gica. Desse total, tr\u00eas s\u00e3o in\u00e9ditos:<\/p>\n<p>* Gest\u00e3o Ambiental &#8211; Fatec  Jundia\u00ed, 40 vagas \u00e0 tarde;<\/p>\n<p>* Gest\u00e3o de Recursos Humanos &#8211; Fatec Mogi das  Cruzes, 40 vagas no per\u00edodo da manh\u00e3;<\/p>\n<p>* Processos Qu\u00edmicos &#8211; Fatec Praia  Grande, 80 vagas, divididas entre os per\u00edodos da tarde e da noite.<\/p>\n<p>Cinco  Fatecs v\u00e3o alterar ou ampliar os cursos oferecidos:<\/p>\n<p>* Fatec Carapicu\u00edba &#8211;  An\u00e1lise e Desenvolvimento de Sistemas (80 vagas, divididas entre os per\u00edodos da  manh\u00e3 e da noite); Jogos Digitais (80 vagas, divididas entre os per\u00edodos da  manh\u00e3 e da noite) e Sistemas para Internet (40 vagas \u00e0 tarde);<\/p>\n<p>* Fatec  Itapetininga &#8211; An\u00e1lise e Desenvolvimento de Sistemas (80 vagas, divididas entre  os per\u00edodos da manh\u00e3 e da noite);<\/p>\n<p>* Fatec Jundia\u00ed- An\u00e1lise e  Desenvolvimento de Sistemas (40 vagas, \u00e0 tarde) e Gest\u00e3o da Tecnologia da  Informa\u00e7\u00e3o (40 vagas, \u00e0 noite);<\/p>\n<p>* Fatec Ourinhos &#8211; An\u00e1lise e  Desenvolvimento de Sistemas (80 vagas, divididas entre os per\u00edodos da tarde e da  noite), Jogos Digitais (40 vagas, de manh\u00e3) e Seguran\u00e7a da Informa\u00e7\u00e3o (80 vagas,  divididas entre os per\u00edodos da manh\u00e3 e da noite);<\/p>\n<p>* Fatec Praia Grande &#8211;  An\u00e1lise e Desenvolvimento de Sistemas (80 vagas, divididas entre os per\u00edodos da  tarde e da noite); Gest\u00e3o Empresarial (Processos Gerenciais), 40 vagas \u00e0  tarde.<\/p>\n<p>A Fatec S\u00e3o Paulo vai implantar nova turma em curso j\u00e1 existente:  Soldagem (40 vagas de manh\u00e3).<\/p>\n<p>Do Centro Paula Souza<\/p>\n","protected":false},"excerpt":{"rendered":"<p>O curso de gradua\u00e7\u00e3o tecnol\u00f3gica de An\u00e1lise e Desenvolvimento de Sistemas, da Fatec Carapicu\u00edba, \u00e9 o mais procurado no Vestibular das Faculdades de Tecnologia (Fatecs) do Estado de S\u00e3o Paulo. Ao todo, 768 candidatos se inscreveram para disputar as 40 vagas oferecidas, o que representa uma rela\u00e7\u00e3o de 19,20 candidatos por vaga. No processo seletivo [&hellip;]<\/p>\n","protected":false},"author":3,"featured_media":0,"comment_status":"open","ping_status":"open","sticky":false,"template":"","format":"standard","meta":{"tdm_status":"","tdm_grid_status":"","footnotes":""},"categories":[22,370,295],"tags":[],"class_list":{"0":"post-32530","1":"post","2":"type-post","3":"status-publish","4":"format-standard","6":"category-brasil","7":"category-inscricao","8":"category-vestibular"},"_links":{"self":[{"href":"https:\/\/migracao.redenoticia.com.br\/noticia\/wp-json\/wp\/v2\/posts\/32530","targetHints":{"allow":["GET"]}}],"collection":[{"href":"https:\/\/migracao.redenoticia.com.br\/noticia\/wp-json\/wp\/v2\/posts"}],"about":[{"href":"https:\/\/migracao.redenoticia.com.br\/noticia\/wp-json\/wp\/v2\/types\/post"}],"author":[{"embeddable":true,"href":"https:\/\/migracao.redenoticia.com.br\/noticia\/wp-json\/wp\/v2\/users\/3"}],"replies":[{"embeddable":true,"href":"https:\/\/migracao.redenoticia.com.br\/noticia\/wp-json\/wp\/v2\/comments?post=32530"}],"version-history":[{"count":0,"href":"https:\/\/migracao.redenoticia.com.br\/noticia\/wp-json\/wp\/v2\/posts\/32530\/revisions"}],"wp:attachment":[{"href":"https:\/\/migracao.redenoticia.com.br\/noticia\/wp-json\/wp\/v2\/media?parent=32530"}],"wp:term":[{"taxonomy":"category","embeddable":true,"href":"https:\/\/migracao.redenoticia.com.br\/noticia\/wp-json\/wp\/v2\/categories?post=32530"},{"taxonomy":"post_tag","embeddable":true,"href":"https:\/\/migracao.redenoticia.com.br\/noticia\/wp-json\/wp\/v2\/tags?post=32530"}],"curies":[{"name":"wp","href":"https:\/\/api.w.org\/{rel}","templated":true}]}}