{"id":32563,"date":"2010-11-26T08:43:04","date_gmt":"2010-11-26T12:43:04","guid":{"rendered":"http:\/\/www.redenoticia.com.br\/noticia\/?p=32563"},"modified":"2010-11-26T08:43:04","modified_gmt":"2010-11-26T12:43:04","slug":"nova-descoberta-de-petroleo-e-gas-na-amazonia","status":"publish","type":"post","link":"https:\/\/migracao.redenoticia.com.br\/noticia\/2010\/nova-descoberta-de-petroleo-e-gas-na-amazonia\/32563","title":{"rendered":"Nova descoberta de petr\u00f3leo e g\u00e1s na Amaz\u00f4nia"},"content":{"rendered":"<p>A Petrobras comunica que os primeiros dados do Teste de Longa Dura\u00e7\u00e3o (TLD),  iniciado em setembro, no po\u00e7o explorat\u00f3rio 1-ICB-1-AM (Igarap\u00e9 Chibata n\u00ba 1),  confirmam a <strong><em>descoberta<\/em><\/strong> de uma nova acumula\u00e7\u00e3o de \u00f3leo leve (46\u00ba API) e <strong><em>g\u00e1s  natural <\/em><\/strong>no Munic\u00edpio de Tef\u00e9 (AM), distante 630 km de Manaus e 32 km da  Prov\u00edncia Petrol\u00edfera de <strong><em>Urucu<\/em><\/strong>. A Companhia j\u00e1 det\u00e9m tr\u00eas campos produzindo  petr\u00f3leo e g\u00e1s natural no Munic\u00edpio de Coari.<\/p>\n<p>O po\u00e7o de 3.485 metros foi  perfurado na Bacia do Solim\u00f5es, Bloco SOL-T-171, onde a Petrobras det\u00e9m 100% de  participa\u00e7\u00e3o dos direitos de explora\u00e7\u00e3o e produ\u00e7\u00e3o. Os dados do TLD, at\u00e9 o  momento, indicam que o po\u00e7o tem a capacidade de produzir 2500 barris de \u00f3leo por  dia, o que \u00e9 considerado um excelente resultado, em se tratando deste tipo de  bacia no Brasil.<\/p>\n<p>Al\u00e9m da realiza\u00e7\u00e3o do TLD, com dura\u00e7\u00e3o prevista de um  ano, o Plano de Avalia\u00e7\u00e3o da Descoberta (PAD), aprovado pela Ag\u00eancia Nacional do  Petr\u00f3leo (ANP) prev\u00ea a aquisi\u00e7\u00e3o de novos dados s\u00edsmicos e perfura\u00e7\u00f5es de po\u00e7os  delimitat\u00f3rios. Estes trabalhos visam definir a extens\u00e3o da acumula\u00e7\u00e3o,  quantificar as reservas e comprovar a economicidade da acumula\u00e7\u00e3o.<\/p>\n<p>Esse  sucesso explorat\u00f3rio resulta da retomada dos investimentos explorat\u00f3rios,  efetuados a partir de 2005, nas bacias terrestres da Amaz\u00f4nia, conforme prev\u00ea o  Plano Estrat\u00e9gico da Companhia, que direciona esfor\u00e7os em novas fronteiras onde  o conhecimento, as tecnologias e a experi\u00eancia operacional da Petrobras  representem diferencial competitivo.<\/p>\n","protected":false},"excerpt":{"rendered":"<p>A Petrobras comunica que os primeiros dados do Teste de Longa Dura\u00e7\u00e3o (TLD), iniciado em setembro, no po\u00e7o explorat\u00f3rio 1-ICB-1-AM (Igarap\u00e9 Chibata n\u00ba 1), confirmam a descoberta de uma nova acumula\u00e7\u00e3o de \u00f3leo leve (46\u00ba API) e g\u00e1s natural no Munic\u00edpio de Tef\u00e9 (AM), distante 630 km de Manaus e 32 km da Prov\u00edncia Petrol\u00edfera [&hellip;]<\/p>\n","protected":false},"author":3,"featured_media":0,"comment_status":"open","ping_status":"open","sticky":false,"template":"","format":"standard","meta":{"tdm_status":"","tdm_grid_status":"","footnotes":""},"categories":[22],"tags":[],"class_list":{"0":"post-32563","1":"post","2":"type-post","3":"status-publish","4":"format-standard","6":"category-brasil"},"_links":{"self":[{"href":"https:\/\/migracao.redenoticia.com.br\/noticia\/wp-json\/wp\/v2\/posts\/32563","targetHints":{"allow":["GET"]}}],"collection":[{"href":"https:\/\/migracao.redenoticia.com.br\/noticia\/wp-json\/wp\/v2\/posts"}],"about":[{"href":"https:\/\/migracao.redenoticia.com.br\/noticia\/wp-json\/wp\/v2\/types\/post"}],"author":[{"embeddable":true,"href":"https:\/\/migracao.redenoticia.com.br\/noticia\/wp-json\/wp\/v2\/users\/3"}],"replies":[{"embeddable":true,"href":"https:\/\/migracao.redenoticia.com.br\/noticia\/wp-json\/wp\/v2\/comments?post=32563"}],"version-history":[{"count":0,"href":"https:\/\/migracao.redenoticia.com.br\/noticia\/wp-json\/wp\/v2\/posts\/32563\/revisions"}],"wp:attachment":[{"href":"https:\/\/migracao.redenoticia.com.br\/noticia\/wp-json\/wp\/v2\/media?parent=32563"}],"wp:term":[{"taxonomy":"category","embeddable":true,"href":"https:\/\/migracao.redenoticia.com.br\/noticia\/wp-json\/wp\/v2\/categories?post=32563"},{"taxonomy":"post_tag","embeddable":true,"href":"https:\/\/migracao.redenoticia.com.br\/noticia\/wp-json\/wp\/v2\/tags?post=32563"}],"curies":[{"name":"wp","href":"https:\/\/api.w.org\/{rel}","templated":true}]}}