{"id":3258,"date":"2009-06-19T18:22:57","date_gmt":"2009-06-19T22:22:57","guid":{"rendered":"http:\/\/www.redenoticia.com.br\/noticia\/?p=3258"},"modified":"2009-06-19T18:22:57","modified_gmt":"2009-06-19T22:22:57","slug":"lula-pretende-se-reunir-em-julho-com-governadores-e-prefeitos-da-regiao-amazonica","status":"publish","type":"post","link":"https:\/\/migracao.redenoticia.com.br\/noticia\/2009\/lula-pretende-se-reunir-em-julho-com-governadores-e-prefeitos-da-regiao-amazonica\/3258","title":{"rendered":"Lula pretende se reunir em julho com governadores e prefeitos da Regi\u00e3o Amaz\u00f4nica"},"content":{"rendered":"<p>O presidente Luiz In\u00e1cio Lula da Silva quer reunir governadores dos estados que integram a Amaz\u00f4nia e prefeitos dos munic\u00edpios que mais sofrem com as queimadas para uma conversa no m\u00eas de julho. Segundo Lula, a inten\u00e7\u00e3o \u00e9 fazer um \u201cpacto\u201d para acertar a responsabilidade de cada um no combate a problemas ambientais.<\/p>\n<p>\u201cQuero ver se re\u00fano com todos os governadores dos estados amaz\u00f4nicos e quero ver se me re\u00fano com todos os prefeitos das \u00e1reas que mais t\u00eam queimada para fazermos um pacto de verdade, para acertar o que \u00e9 de direito de cada um, qual o papel de cada um, se fizermos isso vamos perceber que todo mundo vai viver em paz e a gente vai produzir muito mais\u201d, disse hoje (19) ao discursar em Alta Floresta, Mato Grosso, em cerim\u00f4nia de lan\u00e7amento do mutir\u00e3o Arco Verde Terra Legal.<\/p>\n<p>Lula defendeu o caminho do di\u00e1logo para enfrentar o problema. \u201cH\u00e1 mais de um ano estou dizendo a meus companheiros que em vez de ficarmos xingando, brigando, ficar acusando, \u00e9 melhor reunir os prefeitos das cidades que mais t\u00eam queimada no Brasil e chamar para Bras\u00edlia para sentar\u201d.<\/p>\n<p>Foram realizadas cerim\u00f4nias de lan\u00e7amento em Mato Grosso, no Par\u00e1 e em Rond\u00f4nia. Reunindo a\u00e7\u00f5es dos programas Arco Verde, do Minist\u00e9rio do Meio Ambiente, e Terra Legal, do Minist\u00e9rio do Desenvolvimento Agr\u00e1rio, o mutir\u00e3o vai passar por munic\u00edpios da Amaz\u00f4nia com a\u00e7\u00f5es de regulariza\u00e7\u00e3o fundi\u00e1ria e incentivo ao desenvolvimento sustent\u00e1vel.<\/p>\n<p>Yara Aquino<br \/>\n<em>Rep\u00f3rter da Ag\u00eancia Brasil<\/em><\/p>\n","protected":false},"excerpt":{"rendered":"<p>O presidente Luiz In\u00e1cio Lula da Silva quer reunir governadores dos estados que integram a Amaz\u00f4nia e prefeitos dos munic\u00edpios que mais sofrem com as queimadas para uma conversa no m\u00eas de julho. Segundo Lula, a inten\u00e7\u00e3o \u00e9 fazer um \u201cpacto\u201d para acertar a responsabilidade de cada um no combate a problemas ambientais. \u201cQuero ver [&hellip;]<\/p>\n","protected":false},"author":3,"featured_media":0,"comment_status":"open","ping_status":"open","sticky":false,"template":"","format":"standard","meta":{"tdm_status":"","tdm_grid_status":"","footnotes":""},"categories":[22],"tags":[],"class_list":{"0":"post-3258","1":"post","2":"type-post","3":"status-publish","4":"format-standard","6":"category-brasil"},"_links":{"self":[{"href":"https:\/\/migracao.redenoticia.com.br\/noticia\/wp-json\/wp\/v2\/posts\/3258","targetHints":{"allow":["GET"]}}],"collection":[{"href":"https:\/\/migracao.redenoticia.com.br\/noticia\/wp-json\/wp\/v2\/posts"}],"about":[{"href":"https:\/\/migracao.redenoticia.com.br\/noticia\/wp-json\/wp\/v2\/types\/post"}],"author":[{"embeddable":true,"href":"https:\/\/migracao.redenoticia.com.br\/noticia\/wp-json\/wp\/v2\/users\/3"}],"replies":[{"embeddable":true,"href":"https:\/\/migracao.redenoticia.com.br\/noticia\/wp-json\/wp\/v2\/comments?post=3258"}],"version-history":[{"count":0,"href":"https:\/\/migracao.redenoticia.com.br\/noticia\/wp-json\/wp\/v2\/posts\/3258\/revisions"}],"wp:attachment":[{"href":"https:\/\/migracao.redenoticia.com.br\/noticia\/wp-json\/wp\/v2\/media?parent=3258"}],"wp:term":[{"taxonomy":"category","embeddable":true,"href":"https:\/\/migracao.redenoticia.com.br\/noticia\/wp-json\/wp\/v2\/categories?post=3258"},{"taxonomy":"post_tag","embeddable":true,"href":"https:\/\/migracao.redenoticia.com.br\/noticia\/wp-json\/wp\/v2\/tags?post=3258"}],"curies":[{"name":"wp","href":"https:\/\/api.w.org\/{rel}","templated":true}]}}