{"id":3261,"date":"2009-06-19T18:26:03","date_gmt":"2009-06-19T22:26:03","guid":{"rendered":"http:\/\/www.redenoticia.com.br\/noticia\/?p=3261"},"modified":"2009-06-19T18:26:03","modified_gmt":"2009-06-19T22:26:03","slug":"numero-de-inscritos-no-enem-chega-perto-de-1-milhao","status":"publish","type":"post","link":"https:\/\/migracao.redenoticia.com.br\/noticia\/2009\/numero-de-inscritos-no-enem-chega-perto-de-1-milhao\/3261","title":{"rendered":"N\u00famero de inscritos no Enem chega perto de 1 milh\u00e3o"},"content":{"rendered":"<p>Antes de acabar a primeira semana de inscri\u00e7\u00f5es, o n\u00famero de estudantes que se inscreveram para participar do novo Exame Nacional do Ensino M\u00e9dio (Enem) \u00e9 de quase 1 milh\u00e3o. Desde o in\u00edcio das inscri\u00e7\u00f5es, na segunda-feira (15), at\u00e9 as 17h30 de hoje (19), j\u00e1 foram feitas 924 mil inscri\u00e7\u00f5es. O prazo termina dia 17 de julho.<\/p>\n<p>Neste ano, o exame servir\u00e1 como forma de ingresso em pelo menos 40 das 55 <a href=\"http:\/\/www.agenciabrasil.gov.br\/noticias\/2009\/06\/16\/materia.2009-06-16.9387919660\/view\" target=\"_self\">universidades federais<\/a>, substituindo total ou parcialmente o processo seletivo dessas institui\u00e7\u00f5es. As inscri\u00e7\u00f5es do Enem s\u00e3o feitas exclusivamente pela <a href=\"http:\/\/www.enem.inep.gov.br\/\" target=\"_self\"><em>internet<\/em><\/a>. A expectativa do Minist\u00e9rio da Educa\u00e7\u00e3o (MEC) \u00e9 chegar a 7 milh\u00f5es de participantes.<\/p>\n<p>Segundo o Instituto de Estudos e Pesquisas Educacionais An\u00edsio Teixeira (Inep), respons\u00e1vel pela prova, o sistema de inscri\u00e7\u00f5es recebeu acessos de 64 pa\u00edses, incluindo Vietn\u00e3, Ar\u00e1bia Saudita, \u00c1frica do Sul, \u00cdndia, Gr\u00e9cia e Cuba.<\/p>\n<p>S\u00e3o Paulo foi o estado que registrou, at\u00e9 agora, o maior n\u00famero de inscritos (193 mil), seguido de Minas Gerais (89 mil), da Bahia (81 mil), do Rio de Janeiro (73 mil) e de Pernambuco (58 mil)<\/p>\n<p>Os alunos de escolas p\u00fablicas est\u00e3o isentos da taxa de inscri\u00e7\u00e3o. J\u00e1 os que estudam na rede privada devem imprimir o boleto e pagar a taxa de R$ 35 em qualquer ag\u00eancia banc\u00e1ria. O Enem 2009 ser\u00e1 aplicado em 1.619 munic\u00edpios nos dias 3 e 4 de outubro, \u00e0s 13h, com 180 quest\u00f5es de m\u00faltipla escolha.<\/p>\n<p>Mais informa\u00e7\u00f5es podem ser obtidas no <a href=\"http:\/\/www.enem.inep.gov.br\/\" target=\"_self\"><em>site<\/em><\/a> do Inep.<\/p>\n<p>Amanda Cieglinski<br \/>\n<em>Rep\u00f3rter da Ag\u00eancia Brasil<\/em><\/p>\n","protected":false},"excerpt":{"rendered":"<p>Antes de acabar a primeira semana de inscri\u00e7\u00f5es, o n\u00famero de estudantes que se inscreveram para participar do novo Exame Nacional do Ensino M\u00e9dio (Enem) \u00e9 de quase 1 milh\u00e3o. Desde o in\u00edcio das inscri\u00e7\u00f5es, na segunda-feira (15), at\u00e9 as 17h30 de hoje (19), j\u00e1 foram feitas 924 mil inscri\u00e7\u00f5es. O prazo termina dia 17 [&hellip;]<\/p>\n","protected":false},"author":3,"featured_media":0,"comment_status":"open","ping_status":"open","sticky":false,"template":"","format":"standard","meta":{"tdm_status":"","tdm_grid_status":"","footnotes":""},"categories":[22],"tags":[],"class_list":{"0":"post-3261","1":"post","2":"type-post","3":"status-publish","4":"format-standard","6":"category-brasil"},"_links":{"self":[{"href":"https:\/\/migracao.redenoticia.com.br\/noticia\/wp-json\/wp\/v2\/posts\/3261","targetHints":{"allow":["GET"]}}],"collection":[{"href":"https:\/\/migracao.redenoticia.com.br\/noticia\/wp-json\/wp\/v2\/posts"}],"about":[{"href":"https:\/\/migracao.redenoticia.com.br\/noticia\/wp-json\/wp\/v2\/types\/post"}],"author":[{"embeddable":true,"href":"https:\/\/migracao.redenoticia.com.br\/noticia\/wp-json\/wp\/v2\/users\/3"}],"replies":[{"embeddable":true,"href":"https:\/\/migracao.redenoticia.com.br\/noticia\/wp-json\/wp\/v2\/comments?post=3261"}],"version-history":[{"count":0,"href":"https:\/\/migracao.redenoticia.com.br\/noticia\/wp-json\/wp\/v2\/posts\/3261\/revisions"}],"wp:attachment":[{"href":"https:\/\/migracao.redenoticia.com.br\/noticia\/wp-json\/wp\/v2\/media?parent=3261"}],"wp:term":[{"taxonomy":"category","embeddable":true,"href":"https:\/\/migracao.redenoticia.com.br\/noticia\/wp-json\/wp\/v2\/categories?post=3261"},{"taxonomy":"post_tag","embeddable":true,"href":"https:\/\/migracao.redenoticia.com.br\/noticia\/wp-json\/wp\/v2\/tags?post=3261"}],"curies":[{"name":"wp","href":"https:\/\/api.w.org\/{rel}","templated":true}]}}