{"id":32693,"date":"2010-12-06T14:22:31","date_gmt":"2010-12-06T18:22:31","guid":{"rendered":"http:\/\/www.redenoticia.com.br\/noticia\/?p=32693"},"modified":"2010-12-06T14:22:31","modified_gmt":"2010-12-06T18:22:31","slug":"fatecs-divulgam-gabarito-do-vestibular","status":"publish","type":"post","link":"https:\/\/migracao.redenoticia.com.br\/noticia\/2010\/fatecs-divulgam-gabarito-do-vestibular\/32693","title":{"rendered":"Fatecs divulgam gabarito do Vestibular"},"content":{"rendered":"<h2><span style=\"font-size: 13px;\"><span style=\"font-weight: normal;\"><img loading=\"lazy\" decoding=\"async\" class=\"alignleft size-full wp-image-28974\" title=\"concurso prova gabarito\" src=\"https:\/\/migracao.redenoticia.com.br\/noticia\/imagens\/concurso-prova-gabarito.jpg\" alt=\"\" width=\"300\" height=\"193\" srcset=\"https:\/\/migracao.redenoticia.com.br\/noticia\/imagens\/concurso-prova-gabarito.jpg 300w, https:\/\/migracao.redenoticia.com.br\/noticia\/imagens\/concurso-prova-gabarito-250x160.jpg 250w, https:\/\/migracao.redenoticia.com.br\/noticia\/imagens\/concurso-prova-gabarito-150x96.jpg 150w\" sizes=\"auto, (max-width: 300px) 100vw, 300px\" \/>J\u00e1 est\u00e1 nos sites do <\/span><a style=\"font-weight: normal;\" href=\"http:\/\/www.centropaulasouza.sp.gov.br\/\" target=\"_blank\">Centro Paula Souza<\/a><span style=\"font-weight: normal;\"> e da <\/span><a href=\"http:\/\/www.vestibularfatec.com.br\/\" target=\"_blank\"><em>Fatec<\/em><\/a><span style=\"font-weight: normal;\"> o <\/span><\/span><span style=\"font-size: 13px;\"><em>gabarito<\/em><\/span><span style=\"font-weight: normal; font-size: 13px;\"> da prova do  processo seletivo das Faculdades de Tecnologia (Fatecs) do Estado de S\u00e3o Paulo  para o primeiro semestre de 2011. Nesse Vestibular, as 10.250 vagas ser\u00e3o  distribu\u00eddas entre as 49 Fatecs. O curso com maior \u00edndice de candidato\/vaga &#8211;  19,20 &#8211; \u00e9 de An\u00e1lise e Desenvolvimento de Sistemas, oferecido na Fatec Carap  icu\u00edba, no per\u00edodo da noite.<\/span><\/h2>\n<p>Divulga\u00e7\u00e3o dos Resultados &#8211; no dia 17 de janeiro de  2011, cada Fatec vai divulgar a lista de classifica\u00e7\u00e3o geral dos candidatos que  participaram do Vestibular para o 1\u00ba semestre do pr\u00f3ximo ano e a primeira lista  dos convocados para matr\u00edcula. A rela\u00e7\u00e3o tamb\u00e9m estar\u00e1 nos sites  www.centropaulasouza.sp.gov.br e www.vestibularfatec.com.br. Se as vagas  oferecidas n\u00e3o forem preenchidas pelos candidatos da primeira chamada, a segunda  lista ser\u00e1 afixada na fac uldade no dia 20 de janeiro.<\/p>\n<p>A matr\u00edcula deve  ser feita na secretaria da Fatec onde o candidato pretende estudar, no hor\u00e1rio  determinado pela unidade de ensino. Perder\u00e1 direito \u00e0 vaga quem n\u00e3o fizer a  matr\u00edcula na data determinada ou deixar de apresentar os documentos  exigidos.<\/p>\n<p>18 de janeiro de 2011: dever\u00e3o efetuar a matr\u00edcula os  convocados na primeira lista;<br \/>\n20 de janeiro de 2011: divulga\u00e7\u00e3o dos  convocados da segunda lista, nas respectivas Fatecs;<br \/>\n21 de janeiro de 2011:  data da matr\u00edcula para os candidatos da segunda lista.<\/p>\n<p>Documentos para  Matr\u00edcula<\/p>\n<p>Para efetivar a matr\u00edcula, o candidato deve entregar uma foto  3&#215;4 recente e c\u00f3pia autenticada ou c\u00f3pia simples acompanhada do original de cada  um dos seguintes documentos: carteira de identidade (RG); certid\u00e3o de nascimento  ou de casamento; documento de quita\u00e7\u00e3o com o servi\u00e7o militar; t\u00edtulo de eleitor,  para os brasileiros maiores de 18 anos, com o comprovante de vota\u00e7\u00e3o ou certid\u00e3o  de quita\u00e7\u00e3o eleitoral; hist\u00f3rico escolar completo do Ensino M\u00e9dio ou  equivalente; e certificado de conclus\u00e3o do Ensino M\u00e9dio ou equivalente.<\/p>\n<p>O  candidato que ingressou no Sistema de Pontua\u00e7\u00e3o Acrescida pelo item escolaridade  p\u00fablica deve apresentar hist\u00f3rico escolar ou declara\u00e7\u00e3o escolar, comprovando que  cursou integralmente o Ensino M\u00e9dio na rede p\u00fablica municipal, estadual ou  federal.<\/p>\n<p>Caso o candidato pretenda obter aproveitamento de estudos em  disciplinas j\u00e1 conclu\u00eddas em outro curso superior, deve apresentar a  documenta\u00e7\u00e3o referente \u00e0 carga hor\u00e1ria, ementa e programa da disciplina  cursada.<\/p>\n<p><em>Do Centro Paula Souza<\/em><\/p>\n","protected":false},"excerpt":{"rendered":"<p>J\u00e1 est\u00e1 nos sites do Centro Paula Souza e da Fatec o gabarito da prova do processo seletivo das Faculdades de Tecnologia (Fatecs) do Estado de S\u00e3o Paulo para o primeiro semestre de 2011. Nesse Vestibular, as 10.250 vagas ser\u00e3o distribu\u00eddas entre as 49 Fatecs. O curso com maior \u00edndice de candidato\/vaga &#8211; 19,20 &#8211; [&hellip;]<\/p>\n","protected":false},"author":3,"featured_media":28974,"comment_status":"open","ping_status":"open","sticky":false,"template":"","format":"standard","meta":{"tdm_status":"","tdm_grid_status":"","footnotes":""},"categories":[22,370,295],"tags":[],"class_list":{"0":"post-32693","1":"post","2":"type-post","3":"status-publish","4":"format-standard","5":"has-post-thumbnail","7":"category-brasil","8":"category-inscricao","9":"category-vestibular"},"_links":{"self":[{"href":"https:\/\/migracao.redenoticia.com.br\/noticia\/wp-json\/wp\/v2\/posts\/32693","targetHints":{"allow":["GET"]}}],"collection":[{"href":"https:\/\/migracao.redenoticia.com.br\/noticia\/wp-json\/wp\/v2\/posts"}],"about":[{"href":"https:\/\/migracao.redenoticia.com.br\/noticia\/wp-json\/wp\/v2\/types\/post"}],"author":[{"embeddable":true,"href":"https:\/\/migracao.redenoticia.com.br\/noticia\/wp-json\/wp\/v2\/users\/3"}],"replies":[{"embeddable":true,"href":"https:\/\/migracao.redenoticia.com.br\/noticia\/wp-json\/wp\/v2\/comments?post=32693"}],"version-history":[{"count":0,"href":"https:\/\/migracao.redenoticia.com.br\/noticia\/wp-json\/wp\/v2\/posts\/32693\/revisions"}],"wp:featuredmedia":[{"embeddable":true,"href":"https:\/\/migracao.redenoticia.com.br\/noticia\/wp-json\/wp\/v2\/media\/28974"}],"wp:attachment":[{"href":"https:\/\/migracao.redenoticia.com.br\/noticia\/wp-json\/wp\/v2\/media?parent=32693"}],"wp:term":[{"taxonomy":"category","embeddable":true,"href":"https:\/\/migracao.redenoticia.com.br\/noticia\/wp-json\/wp\/v2\/categories?post=32693"},{"taxonomy":"post_tag","embeddable":true,"href":"https:\/\/migracao.redenoticia.com.br\/noticia\/wp-json\/wp\/v2\/tags?post=32693"}],"curies":[{"name":"wp","href":"https:\/\/api.w.org\/{rel}","templated":true}]}}