{"id":3277,"date":"2009-06-20T12:08:17","date_gmt":"2009-06-20T16:08:17","guid":{"rendered":"http:\/\/www.redenoticia.com.br\/noticia\/?p=3277"},"modified":"2009-06-20T12:08:17","modified_gmt":"2009-06-20T16:08:17","slug":"ministro-da-saude-lanca-campanha-contra-a-polio","status":"publish","type":"post","link":"https:\/\/migracao.redenoticia.com.br\/noticia\/2009\/ministro-da-saude-lanca-campanha-contra-a-polio\/3277","title":{"rendered":"Ministro da Saude lan\u00e7a campanha contra a P\u00f3lio"},"content":{"rendered":"<p style=\"margin-top: 6pt; margin-right: 0px; margin-bottom: 0px; margin-left: 0px;\"><span style=\"font-family: Arial; font-size: x-small;\"><span style=\"font-size: 11pt; font-family: Arial;\">O ministro da Sa\u00fade, Jos\u00e9 Gomes Tempor\u00e3o, lan\u00e7ou neste s\u00e1bado (20), em S\u00e3o Paulo, a primeira etapa da Campanha Nacional de Vacina\u00e7\u00e3o contra a Poliomielite. Durante o lan\u00e7amento da campanha, Tempor\u00e3o alertou pais e respons\u00e1veis sobre a import\u00e2ncia da imuniza\u00e7\u00e3o de crian\u00e7as com menos de cinco anos em todo o Pa\u00eds.<\/span><\/span><\/p>\n<p style=\"margin-top: 6pt; margin-right: 0px; margin-bottom: 0px; margin-left: 0px;\"><span style=\"font-family: Arial; font-size: x-small;\"><span style=\"font-size: 11pt; font-family: Arial;\">\u201cA \u00fanica defesa que o Brasil tem contra a poliomielite \u00e9 vacinar em massa crian\u00e7as com menos de cinco anos. \u00c9 muito importante que pais, m\u00e3es, av\u00f3s, respons\u00e1veis, levem essas crian\u00e7as a um posto de vacina\u00e7\u00e3o para tomar duas gotinhas que salvam vidas\u201d, afirmou o ministro.<\/span><\/span><\/p>\n<p style=\"margin-top: 6pt; margin-right: 0px; margin-bottom: 0px; margin-left: 0px;\"><span style=\"font-family: Arial; font-size: x-small;\"><span style=\"font-size: 11pt; font-family: Arial;\">A campanha de vacina\u00e7\u00e3o contra a poliomielite \u00e9 uma parceria entre o Minist\u00e9rio da Sa\u00fade, as secretarias estaduais e municipais de sa\u00fade. A segunda etapa da campanha ocorrer\u00e1 no dia 22 de agosto. Este ano, a meta<span style=\"color: red;\"><span style=\"color: red;\"> <\/span><\/span>\u00e9 imunizar cerca de 14,7 milh\u00f5es de crian\u00e7as, o que representa 95% das crian\u00e7as menores de cinco anos.<\/span><\/span><\/p>\n<p style=\"margin-top: 6pt; margin-right: 0px; margin-bottom: 0px; margin-left: 0px;\"><span style=\"font-family: Arial; font-size: x-small;\"><span style=\"font-size: 11pt; font-family: Arial;\">Com o slogan\u00a0<em><span style=\"font-style: italic;\">\u201cN\u00e3o d\u00e1 pra vacilar.<span style=\"color: red;\"><span style=\"color: red;\"> <\/span><\/span>Tem que vacinar.\u201d<\/span><\/em>, a campanha recebeu investimentos do MS na ordem de R$ 46 milh\u00f5es, sendo R$ 21,8 milh\u00f5es com a aquisi\u00e7\u00e3o dos imunobiol\u00f3gicos, e R$ 13,2 milh\u00f5es, com transfer\u00eancia fundo-a-fundo para as Secretarias Estaduais de Sa\u00fade e as Secretarias Municipais de Sa\u00fade, e R$ 11 milh\u00f5es para a\u00e7\u00f5es de comunica\u00e7\u00e3o e publicidade para as duas fases. Ao todo, 115 mil postos de vacina\u00e7\u00e3o participar\u00e3o da mobiliza\u00e7\u00e3o, com o envolvimento de cerca de 350 mil pessoas e a utiliza\u00e7\u00e3o de cerca de 40 mil ve\u00edculos (terrestres, mar\u00edtimos e fluviais).<\/span><\/span><\/p>\n<p style=\"margin-top: 6pt; margin-right: 0px; margin-bottom: 0px; margin-left: 0px;\"><span style=\"font-family: Arial; font-size: x-small;\"><span style=\"font-size: 11pt; font-family: Arial;\">O Brasil \u2013 assim como em toda a Am\u00e9rica Latina &#8211; j\u00e1 foi certificado pela Organiza\u00e7\u00e3o Mundial de Sa\u00fade (OMS) de que n\u00e3o h\u00e1 circula\u00e7\u00e3o do v\u00edrus da poliomielite no nosso territ\u00f3rio. Essa vit\u00f3ria sobre o v\u00edrus ocorreu, sobretudo, pelas campanhas e dias de vacina\u00e7\u00e3o, realizados desde a d\u00e9cada de 1980. <\/span><\/span><\/p>\n<p style=\"margin-top: 6pt; margin-right: 0px; margin-bottom: 0px; margin-left: 0px;\"><strong><span style=\"font-family: Arial; font-size: x-small;\"><span style=\"font-size: 11pt; font-family: Arial; font-weight: bold;\">SOBRE A DOEN\u00c7A<\/span><\/span><\/strong><span style=\"font-family: Arial; font-size: x-small;\"><span style=\"font-size: 11pt; font-family: Arial;\"> \u2013 A vacina contra a poliomielite \u00e9 um servi\u00e7o b\u00e1sico oferecido pelo Sistema \u00danico de Sa\u00fade (SUS) e dispon\u00edvel durante todo o ano nos postos de sa\u00fade, na vacina\u00e7\u00e3o de rotina. Al\u00e9m do esquema b\u00e1sico \u2013 as tr\u00eas doses de rotina \u2013 a crian\u00e7a de at\u00e9 cinco anos de idade tem de tomar todos os anos as duas doses da campanha. At\u00e9 porque a paralisia \u00e9 transmitida por tr\u00eas tipos de v\u00edrus.<\/span><\/span><\/p>\n<p style=\"margin-top: 6pt; margin-right: 0px; margin-bottom: 0px; margin-left: 0px;\"><span style=\"font-family: Arial; font-size: x-small;\"><span style=\"font-size: 11pt; font-family: Arial;\">A poliomielite \u00e9 uma infec\u00e7\u00e3o grave. Na maioria das vezes, a crian\u00e7a n\u00e3o morre quando \u00e9 contaminada, mas adquire s\u00e9rias les\u00f5es que afetam o sistema nervoso. As conseq\u00fc\u00eancias mais comuns ocorrem nos membros inferiores, mas o v\u00edrus tamb\u00e9m pode ocasionar uma les\u00e3o mais grave em um ou mais membros ou at\u00e9 mesmo levar \u00e0 morte \u2013 por meio de uma tetraparalisia. A doen\u00e7a \u00e9 causada e transmitida por um v\u00edrus que entra no organismo via oral.<\/span><\/span><\/p>\n<p style=\"margin-top: 6pt; margin-right: 0px; margin-bottom: 0px; margin-left: 0px;\"><span style=\"font-family: Arial; font-size: x-small;\"><span style=\"font-size: 11pt; font-family: Arial;\">A pessoa infectada pode transmitir a doen\u00e7a pelas fezes que, em contato com o ambiente, atinge quem n\u00e3o foi devidamente imunizado. Como o v\u00edrus \u00e9 muito leve, ele pode ser levado pelo ar, entrar em contato com o alimento, com os brinquedos, ou atingir a crian\u00e7a por via oral ou pela ingest\u00e3o de \u00e1gua contaminada. Uma pessoa que teve a poliomielite, principalmente em um ambiente em que o saneamento b\u00e1sico \u00e9 desfavor\u00e1vel, o v\u00edrus pode contaminar a \u00e1gua, o solo e o meio ambiente de forma geral.<\/span><\/span><\/p>\n","protected":false},"excerpt":{"rendered":"<p>O ministro da Sa\u00fade, Jos\u00e9 Gomes Tempor\u00e3o, lan\u00e7ou neste s\u00e1bado (20), em S\u00e3o Paulo, a primeira etapa da Campanha Nacional de Vacina\u00e7\u00e3o contra a Poliomielite. Durante o lan\u00e7amento da campanha, Tempor\u00e3o alertou pais e respons\u00e1veis sobre a import\u00e2ncia da imuniza\u00e7\u00e3o de crian\u00e7as com menos de cinco anos em todo o Pa\u00eds. \u201cA \u00fanica defesa que [&hellip;]<\/p>\n","protected":false},"author":2,"featured_media":0,"comment_status":"open","ping_status":"open","sticky":false,"template":"","format":"standard","meta":{"tdm_status":"","tdm_grid_status":"","footnotes":""},"categories":[22,5],"tags":[],"class_list":{"0":"post-3277","1":"post","2":"type-post","3":"status-publish","4":"format-standard","6":"category-brasil","7":"category-saude-e-vida"},"_links":{"self":[{"href":"https:\/\/migracao.redenoticia.com.br\/noticia\/wp-json\/wp\/v2\/posts\/3277","targetHints":{"allow":["GET"]}}],"collection":[{"href":"https:\/\/migracao.redenoticia.com.br\/noticia\/wp-json\/wp\/v2\/posts"}],"about":[{"href":"https:\/\/migracao.redenoticia.com.br\/noticia\/wp-json\/wp\/v2\/types\/post"}],"author":[{"embeddable":true,"href":"https:\/\/migracao.redenoticia.com.br\/noticia\/wp-json\/wp\/v2\/users\/2"}],"replies":[{"embeddable":true,"href":"https:\/\/migracao.redenoticia.com.br\/noticia\/wp-json\/wp\/v2\/comments?post=3277"}],"version-history":[{"count":0,"href":"https:\/\/migracao.redenoticia.com.br\/noticia\/wp-json\/wp\/v2\/posts\/3277\/revisions"}],"wp:attachment":[{"href":"https:\/\/migracao.redenoticia.com.br\/noticia\/wp-json\/wp\/v2\/media?parent=3277"}],"wp:term":[{"taxonomy":"category","embeddable":true,"href":"https:\/\/migracao.redenoticia.com.br\/noticia\/wp-json\/wp\/v2\/categories?post=3277"},{"taxonomy":"post_tag","embeddable":true,"href":"https:\/\/migracao.redenoticia.com.br\/noticia\/wp-json\/wp\/v2\/tags?post=3277"}],"curies":[{"name":"wp","href":"https:\/\/api.w.org\/{rel}","templated":true}]}}