{"id":3278,"date":"2009-06-20T12:13:36","date_gmt":"2009-06-20T16:13:36","guid":{"rendered":"http:\/\/www.redenoticia.com.br\/noticia\/?p=3278"},"modified":"2009-06-20T12:13:36","modified_gmt":"2009-06-20T16:13:36","slug":"terras-urbanas-da-uniao-agora-pertencem-ao-municipio-de-porto-velho","status":"publish","type":"post","link":"https:\/\/migracao.redenoticia.com.br\/noticia\/2009\/terras-urbanas-da-uniao-agora-pertencem-ao-municipio-de-porto-velho\/3278","title":{"rendered":"Terras urbanas da Uni\u00e3o agora pertencem ao munic\u00edpio de Porto Velho"},"content":{"rendered":"<p align=\"justify\"><span style=\"font-family: Arial; font-size: x-small;\"><a href=\"https:\/\/migracao.redenoticia.com.br\/noticia\/imagens\/\/DilmaPortoVelho.png\"><img loading=\"lazy\" decoding=\"async\" class=\"alignleft size-medium wp-image-3279\" title=\"DilmaPortoVelho\" src=\"https:\/\/migracao.redenoticia.com.br\/noticia\/imagens\/\/DilmaPortoVelho-249x187.png\" alt=\"DilmaPortoVelho\" width=\"249\" height=\"187\" \/><\/a>Com a assinatura do documento de transfer\u00eancia das terras da Uni\u00e3o para o munic\u00edpio de Porto Velho, Governo Federal e Prefeitura ir\u00e3o beneficiar mais de 20 mil moradores dos bairros Socialista e Mariana, com a entrega do t\u00edtulo definitivo de suas \u00e1reas, atrav\u00e9s do Programa de Regulariza\u00e7\u00e3o Fundi\u00e1ria desenvolvido desde 2005 pela atual administra\u00e7\u00e3o.<\/span><\/p>\n<p align=\"justify\"><span style=\"font-family: Arial; font-size: x-small;\">O sonho fomentado por mais de 20 anos por aquelas fam\u00edlias, se tornou realidade na tarde desta sexta-feira (19), no campo do Princes\u00e3o do bairro Socialista, momento em que a Ministra chefe da Casa Civil, Dilma Roussef e o prefeito Roberto Sobrinho, assinaram o documento de repasse da propriedade, uma \u00e1rea de 473 hectares denominada Gleba Alian\u00e7a. Centenas de moradores prestigiaram o ato.<\/span><\/p>\n<p align=\"justify\"><span style=\"font-family: Arial; font-size: x-small;\">A solenidade \u00e9 parte das a\u00e7\u00f5es do Mutir\u00e3o Arco Verde \u2013 Terra Legal. A doa\u00e7\u00e3o da \u00e1rea foi conclu\u00edda no in\u00edcio de junho, 120 dias ap\u00f3s a solicita\u00e7\u00e3o da administra\u00e7\u00e3o municipal e mobilizou um grupo de trabalho formado pelo Minist\u00e9rio do Desenvolvimento Agr\u00e1rio, Minist\u00e9rio das Cidades, Secretaria do Patrim\u00f4nio da Uni\u00e3o, Incra e Prefeitura de Porto Velho.<\/span><\/p>\n<p align=\"justify\"><span style=\"font-family: Arial; font-size: x-small;\">\u201c\u00c9 muito bom chegar aqui e dizer aos moradores: voc\u00eas v\u00e3o receber a t\u00e3o sonhada escritura de suas casas. O sonho se tornou realidade! Como j\u00e1 aconteceu para milhares de fam\u00edlias que gratuitamente receberam a escritura de posse das \u00e1reas onde vivem. Por um documento como esse o cidad\u00e3o n\u00e3o pagaria menos de R$ 2 mil, e Governo Federal e Prefeitura est\u00e3o entregando de gra\u00e7a para voc\u00eas\u201d, disse o prefeito Roberto Sobrinho, ao abrir seu discurso.<\/span><\/p>\n<p align=\"justify\"><span style=\"font-family: Arial; font-size: x-small;\">Em seu pronunciamento Dilma Roussef reafirmou o compromisso do presidente Lula que \u00e9 governar para todos os brasileiros, olhando sempre com mais cuidado para aqueles que mais necessitam. \u201cO presidente Lula j\u00e1 morou em casas que n\u00e3o eram dele, por isso, sabe a diferen\u00e7a que \u00e9 o cidad\u00e3o morar em uma casa que \u00e9 sua, com a certeza de que ningu\u00e9m vai o mandar sair\u201d, afirmou.<\/span><\/p>\n<p align=\"justify\"><span style=\"font-family: Arial; font-size: x-small;\">Sua vinda a Porto Velho, segundo disse a ministra, atendeu ao pedido do presidente Lula. \u201cEle me disse: Dilma, v\u00e1 l\u00e1 e fa\u00e7a a entrega da posse daquela \u00e1rea ao povo sofrido do Socialista. Cumpra a promessa que eu fiz quando estive l\u00e1\u201d, revelou a ministra, anunciando que as \u00e1reas ser\u00e3o repassadas em nome das mulheres, compromisso que foi reafirmado pelo prefeito Roberto Sobrinho.<\/span><\/p>\n<p align=\"justify\"><span style=\"font-family: Arial; font-size: x-small;\">\u201cN\u00e3o desmerecendo os homens, ministra Dilma, \u00e9 que as mulheres s\u00e3o mais respons\u00e1veis pela fam\u00edlia. Antes de pensar em qualquer outra coisa, elas olham primeiro a necessidade de seus filhos. Jamais v\u00e3o deix\u00e1-los passando fome\u201d, ressaltou o Roberto Sobrinho, acrescentando que 72% das mais de 15 mil escrituras entregues pela Prefeitura, est\u00e3o em nome das mulheres.<\/span><\/p>\n<p align=\"justify\"><span style=\"font-family: Arial; font-size: x-small;\">Al\u00e9m da presen\u00e7a do Ministro das Cidades, M\u00e1rcio Fortes, da secret\u00e1ria nacional do Patrim\u00f4nio da Uni\u00e3o, Alexandra Rechke, a cerim\u00f4nia tamb\u00e9m contou com a participa\u00e7\u00e3o do vice-prefeito, Emerson Castro, da primeira-dama Lucilene Peixoto, dos senadores Valdir Raupp e F\u00e1tima Cleide e dos deputados federais, Marinha Raupp e Eduardo Valverde. A chefe de gabinete do prefeito Mirian Saldan\u00e3, Vereadores e secret\u00e1rios municipais tamb\u00e9m prestigiaram o evento.<\/span><\/p>\n","protected":false},"excerpt":{"rendered":"<p>Com a assinatura do documento de transfer\u00eancia das terras da Uni\u00e3o para o munic\u00edpio de Porto Velho, Governo Federal e Prefeitura ir\u00e3o beneficiar mais de 20 mil moradores dos bairros Socialista e Mariana, com a entrega do t\u00edtulo definitivo de suas \u00e1reas, atrav\u00e9s do Programa de Regulariza\u00e7\u00e3o Fundi\u00e1ria desenvolvido desde 2005 pela atual administra\u00e7\u00e3o. O [&hellip;]<\/p>\n","protected":false},"author":2,"featured_media":0,"comment_status":"open","ping_status":"open","sticky":false,"template":"","format":"standard","meta":{"tdm_status":"","tdm_grid_status":"","footnotes":""},"categories":[22],"tags":[],"class_list":{"0":"post-3278","1":"post","2":"type-post","3":"status-publish","4":"format-standard","6":"category-brasil"},"_links":{"self":[{"href":"https:\/\/migracao.redenoticia.com.br\/noticia\/wp-json\/wp\/v2\/posts\/3278","targetHints":{"allow":["GET"]}}],"collection":[{"href":"https:\/\/migracao.redenoticia.com.br\/noticia\/wp-json\/wp\/v2\/posts"}],"about":[{"href":"https:\/\/migracao.redenoticia.com.br\/noticia\/wp-json\/wp\/v2\/types\/post"}],"author":[{"embeddable":true,"href":"https:\/\/migracao.redenoticia.com.br\/noticia\/wp-json\/wp\/v2\/users\/2"}],"replies":[{"embeddable":true,"href":"https:\/\/migracao.redenoticia.com.br\/noticia\/wp-json\/wp\/v2\/comments?post=3278"}],"version-history":[{"count":0,"href":"https:\/\/migracao.redenoticia.com.br\/noticia\/wp-json\/wp\/v2\/posts\/3278\/revisions"}],"wp:attachment":[{"href":"https:\/\/migracao.redenoticia.com.br\/noticia\/wp-json\/wp\/v2\/media?parent=3278"}],"wp:term":[{"taxonomy":"category","embeddable":true,"href":"https:\/\/migracao.redenoticia.com.br\/noticia\/wp-json\/wp\/v2\/categories?post=3278"},{"taxonomy":"post_tag","embeddable":true,"href":"https:\/\/migracao.redenoticia.com.br\/noticia\/wp-json\/wp\/v2\/tags?post=3278"}],"curies":[{"name":"wp","href":"https:\/\/api.w.org\/{rel}","templated":true}]}}