{"id":3282,"date":"2009-06-20T17:02:50","date_gmt":"2009-06-20T21:02:50","guid":{"rendered":"http:\/\/www.redenoticia.com.br\/noticia\/?p=3282"},"modified":"2009-06-20T17:02:50","modified_gmt":"2009-06-20T21:02:50","slug":"presidio-federal-em-porto-velho-deve-receber-detentos-em-15-dias","status":"publish","type":"post","link":"https:\/\/migracao.redenoticia.com.br\/noticia\/2009\/presidio-federal-em-porto-velho-deve-receber-detentos-em-15-dias\/3282","title":{"rendered":"Pres\u00eddio federal em Porto Velho deve receber detentos em 15 dias"},"content":{"rendered":"<p><strong> <\/strong><\/p>\n<p>A Penitenci\u00e1ria Federal de Porto Velho &#8211; terceira unidade do Sistema Prisional Federal  (SPF) \u2013 inaugurada hoje (19) na capital de Rond\u00f4nia come\u00e7ar\u00e1 a receber os detentos em 15 dias. A previs\u00e3o foi feita pelo diretor do SPF do Minist\u00e9rio da Justi\u00e7a, Wilson Dam\u00e1zio. A unidade poder\u00e1 abrigar at\u00e9 208 presos em celas individuais.<\/p>\n<p>\u201cN\u00f3s inauguramos hoje, estamos resolvendo pequenas pend\u00eancias administrativas, e acredito que em no m\u00e1ximo 15 dias j\u00e1 poderemos ocupar com pelo menos 52 presos\u201d , disse Dam\u00e1zio \u00e0 <strong>Ag\u00eancia Brasil<\/strong>.<\/p>\n<p>Os presos a serem custodiados na nova unidade federal ser\u00e3o os l\u00edderes de fac\u00e7\u00f5es criminosas ou aqueles que, por seu perfil de viol\u00eancia, mere\u00e7am sair do sistema prisional dos estados. A pris\u00e3o \u00e9 dotada de 280 c\u00e2meras de vigil\u00e2ncia e de outros equipamentos sofisticados de seguran\u00e7a. Trabalhar\u00e3o no local 250 agentes e mais 50 t\u00e9cnicos, entre os quais est\u00e3o inclu\u00eddos m\u00e9dicos, dentistas e psiquiatras.<\/p>\n<p>\u201cDeterminados presos exercem nefastamente a lideran\u00e7a nos pres\u00eddios estaduais e ser\u00e3o retirados de l\u00e1 para cumprir pena nas unidades federais. Hoje temos de 23 a 24 estados que mandaram presos para o sistema federal\u201d, ressaltou Damazio.<\/p>\n<p>O SPF estima que desde a implanta\u00e7\u00e3o das unidades prisionais federais \u2013 as duas primeiras foram em Campo Grande (MS) e Catanduvas (PR) \u2013 houve uma redu\u00e7\u00e3o de 70% na ocorr\u00eancia de rebeli\u00f5es, atentados a diretores de pres\u00eddios ou amea\u00e7as a ju\u00edzes nos estados. Esta semana 12 presos de Alagoas foram transferidos para Catanduvas (PR). \u201cEram presos de alt\u00edssima periculosidade que estavam amea\u00e7ando e matando outros presos\u201d, informou.<\/p>\n<p>Al\u00e9m do isolamento dos presos perigosos, o modelo de deten\u00e7\u00e3o das unidades federais tamb\u00e9m tem como premissa a garantia de condi\u00e7\u00f5es para a ressocializa\u00e7\u00e3o do apenado, em respeito \u00e0 normas da Lei de Execu\u00e7\u00f5es Penais (LEP), constantemente violadas em diversas pris\u00f5es estaduais.<\/p>\n<p>\u201cNossa penitenci\u00e1ria \u00e9 preparada para servir de paradigma aos estados onde, hoje, a superlota\u00e7\u00e3o impossibilita o trabalho de ressocializa\u00e7\u00e3o. Temos como oferecer estudo, capacita\u00e7\u00e3o profissional, assist\u00eancia religiosa, algumas op\u00e7\u00f5es de lazer, al\u00e9m de respeitar os direitos do preso como o do banho de sol, de visita \u00edntima e de encontros com advogados\u201d, disse Dam\u00e1zio. \u201cTodos os direitos preconizados na LEP a gente procura atender para que as organiza\u00e7\u00f5es n\u00e3o governamentais ou conselhos n\u00e3o criem obst\u00e1culos a este tipo de cumprimento de pena\u201d, acrescentou.<\/p>\n<p>O Sistema Penitenci\u00e1rio Federal abriga hoje cerca de 300 presos. O SPF j\u00e1 tem 800 solicita\u00e7\u00f5es para receber novos detentos a serem analisadas. A demanda, entretanto, s\u00f3 poder\u00e1 ser atendida plenamente a partir do pr\u00f3ximo ano, quando estar\u00e3o em funcionamento as cinco unidades previstas com capacidade de receber 1.040 presos.<\/p>\n<p>No pr\u00f3ximo dia 3 de julho ser\u00e1 inaugurado e imediatamente ocupado em Mossor\u00f3 (RN) o quarto pres\u00eddio federal. A quinta e \u00faltima unidade ser\u00e1 constru\u00edda em Bras\u00edlia, pr\u00f3ximo ao Complexo da Papuda.<\/p>\n<p>\u201cTemos o terreno, o estudo de solo e estamos construindo o projeto b\u00e1sico para abrir a licita\u00e7\u00e3o. A obra deve come\u00e7ar este ano e ser conclu\u00edda em 2010\u201d, informou Dam\u00e1zio.<\/p>\n<p>Marco Antonio Soalheiro<br \/>\n<em>Rep\u00f3rter da Ag\u00eancia Brasil<\/em><\/p>\n","protected":false},"excerpt":{"rendered":"<p>A Penitenci\u00e1ria Federal de Porto Velho &#8211; terceira unidade do Sistema Prisional Federal (SPF) \u2013 inaugurada hoje (19) na capital de Rond\u00f4nia come\u00e7ar\u00e1 a receber os detentos em 15 dias. A previs\u00e3o foi feita pelo diretor do SPF do Minist\u00e9rio da Justi\u00e7a, Wilson Dam\u00e1zio. A unidade poder\u00e1 abrigar at\u00e9 208 presos em celas individuais. \u201cN\u00f3s [&hellip;]<\/p>\n","protected":false},"author":3,"featured_media":0,"comment_status":"open","ping_status":"open","sticky":false,"template":"","format":"standard","meta":{"tdm_status":"","tdm_grid_status":"","footnotes":""},"categories":[22],"tags":[],"class_list":{"0":"post-3282","1":"post","2":"type-post","3":"status-publish","4":"format-standard","6":"category-brasil"},"_links":{"self":[{"href":"https:\/\/migracao.redenoticia.com.br\/noticia\/wp-json\/wp\/v2\/posts\/3282","targetHints":{"allow":["GET"]}}],"collection":[{"href":"https:\/\/migracao.redenoticia.com.br\/noticia\/wp-json\/wp\/v2\/posts"}],"about":[{"href":"https:\/\/migracao.redenoticia.com.br\/noticia\/wp-json\/wp\/v2\/types\/post"}],"author":[{"embeddable":true,"href":"https:\/\/migracao.redenoticia.com.br\/noticia\/wp-json\/wp\/v2\/users\/3"}],"replies":[{"embeddable":true,"href":"https:\/\/migracao.redenoticia.com.br\/noticia\/wp-json\/wp\/v2\/comments?post=3282"}],"version-history":[{"count":0,"href":"https:\/\/migracao.redenoticia.com.br\/noticia\/wp-json\/wp\/v2\/posts\/3282\/revisions"}],"wp:attachment":[{"href":"https:\/\/migracao.redenoticia.com.br\/noticia\/wp-json\/wp\/v2\/media?parent=3282"}],"wp:term":[{"taxonomy":"category","embeddable":true,"href":"https:\/\/migracao.redenoticia.com.br\/noticia\/wp-json\/wp\/v2\/categories?post=3282"},{"taxonomy":"post_tag","embeddable":true,"href":"https:\/\/migracao.redenoticia.com.br\/noticia\/wp-json\/wp\/v2\/tags?post=3282"}],"curies":[{"name":"wp","href":"https:\/\/api.w.org\/{rel}","templated":true}]}}