{"id":3287,"date":"2009-06-20T17:07:21","date_gmt":"2009-06-20T21:07:21","guid":{"rendered":"http:\/\/www.redenoticia.com.br\/noticia\/?p=3287"},"modified":"2009-06-21T21:57:09","modified_gmt":"2009-06-22T01:57:09","slug":"arvores-de-ji-parana-sofrem-com-a-seca","status":"publish","type":"post","link":"https:\/\/migracao.redenoticia.com.br\/noticia\/2009\/arvores-de-ji-parana-sofrem-com-a-seca\/3287","title":{"rendered":"Arvores de Ji-Paran\u00e1 sofrem com a seca"},"content":{"rendered":"<p>N\u00e3o se pode ignorar a import\u00e2ncia que\u00a0 tem a arboriza\u00e7\u00e3o urbana para a qualidade de vida dos habitantes de uma cidade A arboriza\u00e7\u00e3o \u00e9 um componente importante na paisagem urbana pois fornece sombra, diminui a polui\u00e7\u00e3o do ar e sonora, absorve parte dos raios solares, protege-nos contra o impacto direto dos ventos, reduz o impacto das<\/p>\n<p>gotas da chuva sobre o solo e a eros\u00e3o,  al\u00e9m de embelezar a cidade.<\/p>\n<p>Em Ji-Paran\u00e1, mudas de \u00e1rvores foram plantadas h\u00e1 alguns meses nas cal\u00e7adas das principais avenidas de Ji-Paran\u00e1. Com a falta de chuva \u00e9 vis\u00edvel que as plantas precisam ser regadas diariamente.<\/p>\n<p>Parte dos moradores t\u00eam consci\u00eancia ambiental e freq\u00fcentemente tomam os cuidados b\u00e1sicos de conserva\u00e7\u00e3o das mudas, mas a ades\u00e3o ainda \u00e9 pequena.<\/p>\n<p>A secretaria de obras joga \u00e1gua nas mudas semanalmente, atrav\u00e9s de carro pipa, para minimizar o problema. Para manter o crescimento das \u00e1rvores, esta a\u00e7\u00e3o ser\u00e1 intensificada \u00e0 medida que a escassez de chuva aumente.<\/p>\n","protected":false},"excerpt":{"rendered":"<p>N\u00e3o se pode ignorar a import\u00e2ncia que\u00a0 tem a arboriza\u00e7\u00e3o urbana para a qualidade de vida dos habitantes de uma cidade A arboriza\u00e7\u00e3o \u00e9 um componente importante na paisagem urbana pois fornece sombra, diminui a polui\u00e7\u00e3o do ar e sonora, absorve parte dos raios solares, protege-nos contra o impacto direto dos ventos, reduz o impacto [&hellip;]<\/p>\n","protected":false},"author":3,"featured_media":0,"comment_status":"open","ping_status":"open","sticky":false,"template":"","format":"standard","meta":{"tdm_status":"","tdm_grid_status":"","footnotes":""},"categories":[22],"tags":[],"class_list":{"0":"post-3287","1":"post","2":"type-post","3":"status-publish","4":"format-standard","6":"category-brasil"},"_links":{"self":[{"href":"https:\/\/migracao.redenoticia.com.br\/noticia\/wp-json\/wp\/v2\/posts\/3287","targetHints":{"allow":["GET"]}}],"collection":[{"href":"https:\/\/migracao.redenoticia.com.br\/noticia\/wp-json\/wp\/v2\/posts"}],"about":[{"href":"https:\/\/migracao.redenoticia.com.br\/noticia\/wp-json\/wp\/v2\/types\/post"}],"author":[{"embeddable":true,"href":"https:\/\/migracao.redenoticia.com.br\/noticia\/wp-json\/wp\/v2\/users\/3"}],"replies":[{"embeddable":true,"href":"https:\/\/migracao.redenoticia.com.br\/noticia\/wp-json\/wp\/v2\/comments?post=3287"}],"version-history":[{"count":0,"href":"https:\/\/migracao.redenoticia.com.br\/noticia\/wp-json\/wp\/v2\/posts\/3287\/revisions"}],"wp:attachment":[{"href":"https:\/\/migracao.redenoticia.com.br\/noticia\/wp-json\/wp\/v2\/media?parent=3287"}],"wp:term":[{"taxonomy":"category","embeddable":true,"href":"https:\/\/migracao.redenoticia.com.br\/noticia\/wp-json\/wp\/v2\/categories?post=3287"},{"taxonomy":"post_tag","embeddable":true,"href":"https:\/\/migracao.redenoticia.com.br\/noticia\/wp-json\/wp\/v2\/tags?post=3287"}],"curies":[{"name":"wp","href":"https:\/\/api.w.org\/{rel}","templated":true}]}}