{"id":3294,"date":"2009-06-20T17:18:01","date_gmt":"2009-06-20T21:18:01","guid":{"rendered":"http:\/\/www.redenoticia.com.br\/noticia\/?p=3294"},"modified":"2009-06-20T17:18:01","modified_gmt":"2009-06-20T21:18:01","slug":"projeto-incentiva-jovens-na-producao-de-jornais-e-programa-de-radio","status":"publish","type":"post","link":"https:\/\/migracao.redenoticia.com.br\/noticia\/2009\/projeto-incentiva-jovens-na-producao-de-jornais-e-programa-de-radio\/3294","title":{"rendered":"Projeto incentiva jovens na produ\u00e7\u00e3o de jornais e programa de r\u00e1dio"},"content":{"rendered":"<p><a href=\"https:\/\/migracao.redenoticia.com.br\/noticia\/imagens\/\/radio.jpg\"><img loading=\"lazy\" decoding=\"async\" class=\"alignleft size-full wp-image-3295\" title=\"radio\" src=\"https:\/\/migracao.redenoticia.com.br\/noticia\/imagens\/\/radio.jpg\" alt=\"radio\" width=\"150\" height=\"113\" \/><\/a>Por meio do Programa de Capacita\u00e7\u00e3o Ocupacional e Utilidade Coletiva da Secretaria Municipal do Trabalho de S\u00e3o Paulo, jovens entre 16 e 20 anos do Jardim Lapenna, em S\u00e3o Miguel Paulista, frequentam o curso semestral de produ\u00e7\u00e3o midi\u00e1tica e integram o N\u00facleo de Comunica\u00e7\u00e3o Comunit\u00e1ria S\u00e3o Miguel no Ar. Eles s\u00e3o capacitados e produzem materiais midi\u00e1ticos, como fotos, jornais e programas de r\u00e1dio.<\/p>\n<p>Depois de passarem por forma\u00e7\u00f5es de amplia\u00e7\u00e3o de repert\u00f3rio de oficinas t\u00e9cnicas, os jovens encararam, durante maio, o desafio de elaborar e ministrar aulas para comunidade em oficinas gratuitas de Fotografia e Fanzine, al\u00e9m de terem produzido e organizado a interven\u00e7\u00e3o da R\u00e1dio de Rua,na feira do bairro.<br \/>\nCom programas ao vivo, entrevistas, not\u00edcias e presta\u00e7\u00e3o de servi\u00e7o, a R\u00e1dio S\u00e3o Miguel no Ar, instalada em frente \u00e0 Igreja, mas com seus alto falantes espalhados pela rua da feira, conta com a participa\u00e7\u00e3o da equipe de jovens que produziram desde o roteiro, as vinhetas, os jingles, os spots, at\u00e9 a elabora\u00e7\u00e3o da pauta, a produ\u00e7\u00e3o, a montagem e as reportagens. Vale ressaltar, que a R\u00e1dio tem como um dos seus objetivos utilizar os espa\u00e7os p\u00fablicos para refletir sobre os problemas e conquistas da comunidade visando, sobretudo a melhoria e desenvolvimento local.<br \/>\nNas oficinas preparadas junto aos educadores os jovens tiveram, pela primeira vez, a oportunidade de passar seus conhecimentos adiante e ofereceram a oficina de fanzine, aos alunos de 8\u00aa s\u00e9rie do ensino fundamental da Escola Estadual Fontinelle, no Jaragu\u00e1, e a de Fotografia, a toda comunidade.<br \/>\n&#8220;Encarei essa oficina como um desafio. Fiquei muito feliz porque passei um pouco do que sabia e aprendi junto com quem participou. \u00c9 \u00f3timo outras pessoas poderem participar das oficinas para saber a sensa\u00e7\u00e3o de trabalho realizado com sucesso&#8221;, afirma Samara Cristina, jovem do N\u00facleo e uma das respons\u00e1veis pela multiplica\u00e7\u00e3o de fanzine.<br \/>\nS\u00e3o Miguel No Ar- O Programa S\u00e3o Miguel no Ar \u00e9 uma parceria da Secretaria do Trabalho com a Funda\u00e7\u00e3o Tite Setubal e tem por objetivo ampliar oportunidades de inser\u00e7\u00e3o social e profissional de jovens, mediante capacita\u00e7\u00e3o profissional para ingressar no ramo de atividades relacionadas \u00e0 produ\u00e7\u00e3o midi\u00e1tica. S\u00e3o 28 pessoas beneficiadas com idades entre 16 e 20 anos pertencente a fam\u00edlias de baixa renda e que devem estar matriculado em cursos vinculados ao sistema nacional de ensino e ou ter conclu\u00eddo o ensino de n\u00edvel m\u00e9dio, inclusive profissionalizante, al\u00e9m de ser residente no munic\u00edpio de S\u00e3o Paulo. Outra condi\u00e7\u00f5es para participar do programa \u00e9 que o interessado deve estar desempregado ou ter renda familiar mensal de at\u00e9 meio sal\u00e1rio m\u00ednimo e n\u00e3o estar recebendo seguro desemprego. Cada benefici\u00e1rio recebe uma bolsa aux\u00edlio de R$ 240,04.<\/p>\n","protected":false},"excerpt":{"rendered":"<p>Por meio do Programa de Capacita\u00e7\u00e3o Ocupacional e Utilidade Coletiva da Secretaria Municipal do Trabalho de S\u00e3o Paulo, jovens entre 16 e 20 anos do Jardim Lapenna, em S\u00e3o Miguel Paulista, frequentam o curso semestral de produ\u00e7\u00e3o midi\u00e1tica e integram o N\u00facleo de Comunica\u00e7\u00e3o Comunit\u00e1ria S\u00e3o Miguel no Ar. Eles s\u00e3o capacitados e produzem materiais [&hellip;]<\/p>\n","protected":false},"author":3,"featured_media":0,"comment_status":"open","ping_status":"open","sticky":false,"template":"","format":"standard","meta":{"tdm_status":"","tdm_grid_status":"","footnotes":""},"categories":[22],"tags":[],"class_list":{"0":"post-3294","1":"post","2":"type-post","3":"status-publish","4":"format-standard","6":"category-brasil"},"_links":{"self":[{"href":"https:\/\/migracao.redenoticia.com.br\/noticia\/wp-json\/wp\/v2\/posts\/3294","targetHints":{"allow":["GET"]}}],"collection":[{"href":"https:\/\/migracao.redenoticia.com.br\/noticia\/wp-json\/wp\/v2\/posts"}],"about":[{"href":"https:\/\/migracao.redenoticia.com.br\/noticia\/wp-json\/wp\/v2\/types\/post"}],"author":[{"embeddable":true,"href":"https:\/\/migracao.redenoticia.com.br\/noticia\/wp-json\/wp\/v2\/users\/3"}],"replies":[{"embeddable":true,"href":"https:\/\/migracao.redenoticia.com.br\/noticia\/wp-json\/wp\/v2\/comments?post=3294"}],"version-history":[{"count":0,"href":"https:\/\/migracao.redenoticia.com.br\/noticia\/wp-json\/wp\/v2\/posts\/3294\/revisions"}],"wp:attachment":[{"href":"https:\/\/migracao.redenoticia.com.br\/noticia\/wp-json\/wp\/v2\/media?parent=3294"}],"wp:term":[{"taxonomy":"category","embeddable":true,"href":"https:\/\/migracao.redenoticia.com.br\/noticia\/wp-json\/wp\/v2\/categories?post=3294"},{"taxonomy":"post_tag","embeddable":true,"href":"https:\/\/migracao.redenoticia.com.br\/noticia\/wp-json\/wp\/v2\/tags?post=3294"}],"curies":[{"name":"wp","href":"https:\/\/api.w.org\/{rel}","templated":true}]}}