{"id":32951,"date":"2011-06-13T00:05:19","date_gmt":"2011-06-13T03:05:19","guid":{"rendered":"http:\/\/www.redenoticia.com.br\/noticia\/?p=32951"},"modified":"2012-04-12T18:39:40","modified_gmt":"2012-04-12T21:39:40","slug":"resumo-dos-proximos-capitulos-da-novela-isa-tk","status":"publish","type":"post","link":"https:\/\/migracao.redenoticia.com.br\/noticia\/2011\/resumo-dos-proximos-capitulos-da-novela-isa-tk\/32951","title":{"rendered":"Resumo dos pr\u00f3ximos cap\u00edtulos da novela Isa TK+"},"content":{"rendered":"<p><strong><em><img loading=\"lazy\" decoding=\"async\" class=\"alignleft size-full wp-image-33953\" title=\"isa-tks-resumo-novela-band-capitulo\" src=\"https:\/\/migracao.redenoticia.com.br\/noticia\/imagens\/isa-tks-resumo-novela-band-capitulo.jpg\" alt=\"\" width=\"301\" height=\"194\" srcset=\"https:\/\/migracao.redenoticia.com.br\/noticia\/imagens\/isa-tks-resumo-novela-band-capitulo.jpg 301w, https:\/\/migracao.redenoticia.com.br\/noticia\/imagens\/isa-tks-resumo-novela-band-capitulo-250x161.jpg 250w, https:\/\/migracao.redenoticia.com.br\/noticia\/imagens\/isa-tks-resumo-novela-band-capitulo-150x96.jpg 150w\" sizes=\"auto, (max-width: 301px) 100vw, 301px\" \/>Resumo<\/em><\/strong> dos\u00a0<strong><em>pr\u00f3ximos cap\u00edtulos<\/em><\/strong> da\u00a0novela <strong><em>Isa TK+<\/em><\/strong> \u2013 a <strong><em>Band<\/em><\/strong> divulgou no resumo dos pr\u00f3ximos cap\u00edtulos da novela Isa TK+ que Catarina se desculpa com Isa e Sebastian por tudo e depois vai embora, por\u00e9m \u00e9 tudo fingimento e os dois acabam acreditando.\u00a0Em Isa TK+, novela da Band, resumo do pr\u00f3ximo cap\u00edtulo\u00a0120, sexta-feira, 10 de junho &#8211; Isa finge terminar com Alex para Catarina pensar que ter\u00e1 chances com ele. Isa vai at\u00e9 ela, que est\u00e1 sentada com Cristina, e diz que quer conversar, mas Catarina diz a Isa que \u00e9 melhor que ela em tudo e confessa todas as suas sabotagens. Todos insistem para que a diretora veja o v\u00eddeo que Cristina fez. E, assim, as sabotagens de Catarina s\u00e3o descobertas e Tamarindo comunica tudo \u00e0 m\u00e3e dela. As duas concordam em manda-la para uma escola de forma\u00e7\u00e3o de diretoras. Catarina se desculpa com Isa e Sebastian por tudo e depois vai embora, por\u00e9m \u00e9 tudo fingimento e os dois acabam acreditando. Todos os alunos do Bravo descobrem que passaram e que todos v\u00e3o se formar! Chega o dia da formatura. Um v\u00eddeo clip feito por todos vai colocar os pingos nos is. No grande dia pode acontecer de tudo. A alegria da formatura pode selar o destino de todos.<\/p>\n<p>Isa TK+, novela da Band \u2013 As aventuras de Isabella (Maria Gabriela de Faria) e Alex (Reinaldo \u201cPeche\u201d Zavarce) e sua turma s\u00e3o contadas em 105 cap\u00edtulos recheados com muita cor, m\u00fasica, dan\u00e7a e humor. Isa TKM fala do primeiro amor e mergulha nas aventuras, sonhos, fracassos e triunfos de crian\u00e7as e pr\u00e9-adolescentes.<\/p>\n<p>Isa TK+ &#8211; novela da Band<\/p>\n","protected":false},"excerpt":{"rendered":"<p>Resumo dos\u00a0pr\u00f3ximos cap\u00edtulos da\u00a0novela Isa TK+ \u2013 a Band divulgou no resumo dos pr\u00f3ximos cap\u00edtulos da novela Isa TK+ que Catarina se desculpa com Isa e Sebastian por tudo e depois vai embora, por\u00e9m \u00e9 tudo fingimento e os dois acabam acreditando.\u00a0Em Isa TK+, novela da Band, resumo do pr\u00f3ximo cap\u00edtulo\u00a0120, sexta-feira, 10 de junho [&hellip;]<\/p>\n","protected":false},"author":3,"featured_media":33953,"comment_status":"closed","ping_status":"closed","sticky":false,"template":"","format":"standard","meta":{"tdm_status":"","tdm_grid_status":"","footnotes":""},"categories":[390,379,343],"tags":[],"class_list":{"0":"post-32951","1":"post","2":"type-post","3":"status-publish","4":"format-standard","5":"has-post-thumbnail","7":"category-band","8":"category-novelas","9":"category-televisao"},"_links":{"self":[{"href":"https:\/\/migracao.redenoticia.com.br\/noticia\/wp-json\/wp\/v2\/posts\/32951","targetHints":{"allow":["GET"]}}],"collection":[{"href":"https:\/\/migracao.redenoticia.com.br\/noticia\/wp-json\/wp\/v2\/posts"}],"about":[{"href":"https:\/\/migracao.redenoticia.com.br\/noticia\/wp-json\/wp\/v2\/types\/post"}],"author":[{"embeddable":true,"href":"https:\/\/migracao.redenoticia.com.br\/noticia\/wp-json\/wp\/v2\/users\/3"}],"replies":[{"embeddable":true,"href":"https:\/\/migracao.redenoticia.com.br\/noticia\/wp-json\/wp\/v2\/comments?post=32951"}],"version-history":[{"count":0,"href":"https:\/\/migracao.redenoticia.com.br\/noticia\/wp-json\/wp\/v2\/posts\/32951\/revisions"}],"wp:featuredmedia":[{"embeddable":true,"href":"https:\/\/migracao.redenoticia.com.br\/noticia\/wp-json\/wp\/v2\/media\/33953"}],"wp:attachment":[{"href":"https:\/\/migracao.redenoticia.com.br\/noticia\/wp-json\/wp\/v2\/media?parent=32951"}],"wp:term":[{"taxonomy":"category","embeddable":true,"href":"https:\/\/migracao.redenoticia.com.br\/noticia\/wp-json\/wp\/v2\/categories?post=32951"},{"taxonomy":"post_tag","embeddable":true,"href":"https:\/\/migracao.redenoticia.com.br\/noticia\/wp-json\/wp\/v2\/tags?post=32951"}],"curies":[{"name":"wp","href":"https:\/\/api.w.org\/{rel}","templated":true}]}}