{"id":330,"date":"2009-04-10T00:01:00","date_gmt":"2009-04-10T04:01:00","guid":{"rendered":"http:\/\/www.redenoticia.com.br\/noticia\/?p=330"},"modified":"2009-04-11T10:15:16","modified_gmt":"2009-04-11T14:15:16","slug":"ccjc-da-camara-aprova-projeto-de-lei-que-transfere-feriados-para-as-sextas-feiras","status":"publish","type":"post","link":"https:\/\/migracao.redenoticia.com.br\/noticia\/2009\/ccjc-da-camara-aprova-projeto-de-lei-que-transfere-feriados-para-as-sextas-feiras\/330","title":{"rendered":"CCJC da C\u00e2mara aprova projeto de lei que transfere feriados para as sextas-feiras"},"content":{"rendered":"<p style=\"MARGIN: 0cm 0cm 12pt\"><img loading=\"lazy\" decoding=\"async\" class=\"alignleft\" src=\"http:\/\/farm4.static.flickr.com\/3322\/3429103722_090c26128b_m.jpg\" alt=\"\" width=\"240\" height=\"180\" \/>A Comiss\u00e3o de Constitui\u00e7\u00e3o e Justi\u00e7a e de Cidadania (CCJC) da C\u00e2mara dos Deputados aprovou por unanimidade projeto de lei, que estabelece o adiamento para as sextas-feiras, &#8220;dos feriados que ca\u00edrem nos demais dias da semana, com exce\u00e7\u00e3o dos que ocorrem nos s\u00e1bados e domingos e dos feriados dos dias 1\u00ba de janeiro (Confraterniza\u00e7\u00e3o Universal), 7 de setembro (Independ\u00eancia) e 25 de dezembro (Natal)&#8221;.\u00a0<\/p>\n<p>A proposta de mudan\u00e7a dos dias de feriado \u00e9 do deputado Marcelo Castro (PMDB-PI) e foi apresentada \u00e0 C\u00e2mara em 2003. Na justifica\u00e7\u00e3o ao projeto, o deputado argumentou que a ocorr\u00eancia de feriados no meio da semana &#8220;tem-se constitu\u00eddo em grande preju\u00edzo econ\u00f4mico para o pa\u00eds&#8221;. Na avalia\u00e7\u00e3o de Marcelo Castro, &#8220;o pa\u00eds literalmente p\u00e1ra nas semanas em que se celebra, por exemplo, o dia de carnaval, o da nossa Padroeira, o do Trabalhador, o de Finados, o da Proclama\u00e7\u00e3o [<em>da Rep\u00fablica<\/em>] etc.&#8221; O parlamentar acrescentpu que &#8220;muitas pessoas tratam de &#8216;enforcar&#8217; os dias restantes, fazendo com que ocorra o chamado &#8216;feriad\u00e3o'&#8221;, o que leva a um preju\u00edzo econ\u00f4mico &#8220;de grande monta&#8221;.<\/p>\n<p>Em entrevista \u00e0 Ag\u00eancia Brasil, o deputado Marcelo Castro opinou que, &#8220;no Brasil, n\u00f3s temos feriados demais. H\u00e1 um excesso de feriados&#8221;. O parlamentar explicou sua iniciativa: &#8220;Achei por bem racionalizar um pouco. Por meu gosto teria sido uma lei mais dr\u00e1stica ainda que diminuiria o n\u00famero de feriados existentes no Brasil. \u00c9 muita coisa que se comemora e que faz feriado, e \u00e9 absolutamente desnecess\u00e1rio&#8221;, disse ele, lembrando que h\u00e1 feriados nacionais, estaduais e municipais. O congressista perguntou &#8220;o que que custa a pessoa comemorar esses feriados no final de semana?&#8221;<\/p>\n<p>Para Evil\u00e1sio Salvador, assessor de Pol\u00edtica Fiscal e Or\u00e7ament\u00e1ria do Instituto de Estudos Socioecon\u00f4micos (Inesc), a opini\u00e3o do deputado federal \u00e9 equivocada. &#8220;O deputado deve estar se baseando na experi\u00eancia pr\u00f3pria. Eu trabalho em uma entidade da sociedade civil que, quando h\u00e1 possibilidade de emendar o feriado isso \u00e9 compensado posteriormente. H\u00e1 sistemas de compensa\u00e7\u00e3o previstos nos acordos coletivos&#8221;, lembra o assessor da institui\u00e7\u00e3o, que h\u00e1 mais de duas d\u00e9cadas acompanha as atividades do Congresso Nacional.<\/p>\n<p>Na avalia\u00e7\u00e3o de Evil\u00e1sio Salvador o projeto de lei \u00e9 in\u00f3cuo. &#8220;\u00c9 muito dif\u00edcil alterar feriados que s\u00e3o h\u00e1bitos de tradi\u00e7\u00e3o religiosa, cultural. N\u00e3o vai modificar, por exemplo, a celebra\u00e7\u00e3o de festas religiosas de que os pr\u00f3prios deputados participam em suas bases&#8221;. O assessor ainda questionou a afirma\u00e7\u00e3o do parlamentar de que h\u00e1 excesso de feriados no Brasil. &#8220;\u00c9 uma ironia e falta de conhecimento afirmar que o Brasil tem muito feriado&#8221;.<\/p>\n<p>Levantamento no <em>site<\/em> <a href=\"http:\/\/www.feriados.net\/\">www.feriados.net<\/a> contabiliza que o Brasil tem oito dias de feriado nacional; enquanto a Alemanha tem nove; os Estados Unidos, dez; a Espanha, 11; a Argentina, 13; Portugal, 14; e Jap\u00e3o, 16. Al\u00e9m de menos feriados que os demais pa\u00edses, o brasileiro tem carga de trabalho maior do que de trabalhadores de outros pa\u00edses. &#8220;A carga de trabalho no Brasil \u00e9 uma das mais elevadas no mundo. N\u00f3s temos uma jornada de 44 horas, que pa\u00eds civilizado nenhum do mundo tem praticado mais &#8220;, destacou Evil\u00e1sio Salvador .<\/p>\n<p>O deputado Marcelo Castro (PMDB-PI) admitiu que, se o projeto entrar em vigor, n\u00e3o dever\u00e1 ser implantado como prop\u00f4s, pelo menos nos dias de carnaval &#8211; comemorados no come\u00e7o da semana. &#8220;O carnaval vai ser na ter\u00e7a-feira, a\u00ed n\u00e3o tem jeito. N\u00e3o vai mudar a data do carnaval&#8221;. Ele tamb\u00e9m reconheceu que, se virar lei sua id\u00e9ia, os calend\u00e1rios escolares (com aulas fixas \u00e0s sextas-feiras) ter\u00e3o que ser adaptados. &#8220;Sem d\u00favida isso \u00e9 um aspecto que vai trazer algum transtorno, mas os professores v\u00e3o se adequar a isso a\u00ed, v\u00e3o fazer um planejamento&#8221;, minimizou.<\/p>\n<p style=\"TEXT-ALIGN: justify\">O parlamentar sublinhou que o projeto visa a combater o mau h\u00e1bito dos brasileiros de &#8220;imprensarem&#8221; o dia entre o feriado e o fim de semana. Ele explicou que a lei n\u00e3o afetaria o Congresso Nacional &#8220;porque j\u00e1 n\u00e3o tem sess\u00e3o deliberativa mesmo \u00e0s sextas-feiras&#8221;, disse de Teresina nesta quarta-feira (dois dias antes do feriado da Sexta-Feira da Paix\u00e3o), \u00e0s 13h21, ap\u00f3s chegar de Bras\u00edlia.<\/p>\n<p style=\"TEXT-ALIGN: justify\">&#8220;J\u00e1 estou em Teresina por conta do feriado&#8221;, admitiu. &#8220;Hoje n\u00e3o teve vota\u00e7\u00e3o, precisava apenas de marcar presen\u00e7a, eu marquei presen\u00e7a e viajei para c\u00e1. J\u00e1 estou cuidando da Semana Santa. Amanh\u00e3 eu vou para Oeiras que \u00e9 a Prociss\u00e3o do Fogarel, uma das mais tradicionais do Piau\u00ed&#8221;, contou com franqueza.<\/p>\n<p style=\"TEXT-ALIGN: justify\">A reportagem da Ag\u00eancia Brasil tamb\u00e9m tentou entrar em contato com o deputado R\u00e9gis Fernandes de Oliveira do (PSC-SP), relator do projeto de lei, mas conforme of\u00edcio repassado pela sua assessoria o parlamentar est\u00e1 em viagem ao Equador para complementar estudos sobre o Tribunal do Pacto Andino, que poder\u00e1 auxiliar a implementa\u00e7\u00e3o do &#8220;poss\u00edvel e futuro Tribunal do Mercosul&#8221;.<\/p>\n<p style=\"TEXT-ALIGN: justify\">O PL n\u00ba 774 foi aprovado junto com PL 847 (tamb\u00e9m de 2003) do deputado Eduardo Cunha (PPB\/RJ), apensado \u00e0 proposta original. Procurada pela reportagem, a assessoria do gabinete do deputado fluminense informou que ele se preparava para viajar de volta ao Rio de Janeiro. O escrit\u00f3rio do deputado naquela capital n\u00e3o deu retorno ao pedido de entrevista.<\/p>\n<p style=\"TEXT-ALIGN: justify\">Segundo o <em>site<\/em> <a href=\"http:\/\/www.excelencias.org.br\/\">www.excelencias.org.br<\/a>, da ONG Transpar\u00eancia Brasil, a m\u00e9dia de faltas dos deputados federais no plen\u00e1rio da C\u00e2mara de 35%<\/p>\n<p style=\"MARGIN: 0cm 0cm 12pt\">Gilberto Costa<br \/>\n<em>Rep\u00f3rter da Ag\u00eancia Brasil<\/em><\/p>\n","protected":false},"excerpt":{"rendered":"<p>A Comiss\u00e3o de Constitui\u00e7\u00e3o e Justi\u00e7a e de Cidadania (CCJC) da C\u00e2mara dos Deputados aprovou por unanimidade projeto de lei, que estabelece o adiamento para as sextas-feiras, &#8220;dos feriados que ca\u00edrem nos demais dias da semana, com exce\u00e7\u00e3o dos que ocorrem nos s\u00e1bados e domingos e dos feriados dos dias 1\u00ba de janeiro (Confraterniza\u00e7\u00e3o Universal), [&hellip;]<\/p>\n","protected":false},"author":2,"featured_media":0,"comment_status":"open","ping_status":"open","sticky":false,"template":"","format":"standard","meta":{"tdm_status":"","tdm_grid_status":"","footnotes":""},"categories":[22],"tags":[],"class_list":{"0":"post-330","1":"post","2":"type-post","3":"status-publish","4":"format-standard","6":"category-brasil"},"_links":{"self":[{"href":"https:\/\/migracao.redenoticia.com.br\/noticia\/wp-json\/wp\/v2\/posts\/330","targetHints":{"allow":["GET"]}}],"collection":[{"href":"https:\/\/migracao.redenoticia.com.br\/noticia\/wp-json\/wp\/v2\/posts"}],"about":[{"href":"https:\/\/migracao.redenoticia.com.br\/noticia\/wp-json\/wp\/v2\/types\/post"}],"author":[{"embeddable":true,"href":"https:\/\/migracao.redenoticia.com.br\/noticia\/wp-json\/wp\/v2\/users\/2"}],"replies":[{"embeddable":true,"href":"https:\/\/migracao.redenoticia.com.br\/noticia\/wp-json\/wp\/v2\/comments?post=330"}],"version-history":[{"count":0,"href":"https:\/\/migracao.redenoticia.com.br\/noticia\/wp-json\/wp\/v2\/posts\/330\/revisions"}],"wp:attachment":[{"href":"https:\/\/migracao.redenoticia.com.br\/noticia\/wp-json\/wp\/v2\/media?parent=330"}],"wp:term":[{"taxonomy":"category","embeddable":true,"href":"https:\/\/migracao.redenoticia.com.br\/noticia\/wp-json\/wp\/v2\/categories?post=330"},{"taxonomy":"post_tag","embeddable":true,"href":"https:\/\/migracao.redenoticia.com.br\/noticia\/wp-json\/wp\/v2\/tags?post=330"}],"curies":[{"name":"wp","href":"https:\/\/api.w.org\/{rel}","templated":true}]}}