{"id":3305,"date":"2009-06-20T17:33:02","date_gmt":"2009-06-20T21:33:02","guid":{"rendered":"http:\/\/www.redenoticia.com.br\/noticia\/?p=3305"},"modified":"2009-06-21T21:58:23","modified_gmt":"2009-06-22T01:58:23","slug":"reitores-planejam-programa-para-impulsionar-pos-graduacao-nas-universidades-federais","status":"publish","type":"post","link":"https:\/\/migracao.redenoticia.com.br\/noticia\/2009\/reitores-planejam-programa-para-impulsionar-pos-graduacao-nas-universidades-federais\/3305","title":{"rendered":"Reitores planejam programa para impulsionar p\u00f3s-gradua\u00e7\u00e3o nas universidades federais"},"content":{"rendered":"<p>Os reitores das universidades federais querem impulsionar a p\u00f3s-gradua\u00e7\u00e3o e o desenvolvimento cient\u00edfico no pa\u00eds, especialmente em regi\u00f5es como o Norte e o Nordeste. Em parceria com os minist\u00e9rios da Educa\u00e7\u00e3o (MEC) e da Ci\u00eancia e Tecnologia (MCT), est\u00e1 em elabora\u00e7\u00e3o um projeto para reestruturar os programas de mestrado e doutorado nas institui\u00e7\u00f5es federais. A ideia \u00e9 lan\u00e7ar o Programa de Apoio a P\u00f3s-Gradua\u00e7\u00e3o (PAPG) ainda em 2009.<\/p>\n<p>A proposta \u00e9 inspirada no Programa de Reestrutura\u00e7\u00e3o e Expans\u00e3o das Universidades Federais (Reuni), que ampliou vagas e <em>campi<\/em> em todo o pa\u00eds. De acordo com o novo presidente da Associa\u00e7\u00e3o Nacional dos Dirigentes das Institui\u00e7\u00f5es Federais de Ensino Superior (Andifes), Alan Barbiero, a p\u00f3s-gradua\u00e7\u00e3o brasileira \u00e9 um exemplo internacional e cresceu muito nos \u00faltimos anos, mas necessita superar algumas desigualdades.<\/p>\n<p>\u201cPrecisamos expandir ainda mais, principalmente no sentido de reduzir as assimetrias regionais. A p\u00f3s-gradua\u00e7\u00e3o cresceu, mas de forma concentrada, majoritariamente na Regi\u00e3o Sudeste. Precisamos de uma pol\u00edtica mais agressiva para que ela avance nas regi\u00f5es Norte, Nordeste e Centro-Oeste\u201d, defende Barbiero, que \u00e9 reitor da Universidade Federal do Tocantins (UFT).<\/p>\n<p>Barbeiro avalia que as regi\u00f5es que receberam novos <em>campi <\/em>universit\u00e1rios com o Reuni agora precisam consolidar o processo com um \u201cforte incentivo \u00e0 p\u00f3s-gradua\u00e7\u00e3o\u201d.<\/p>\n<p>\u201cQuando voc\u00ea cria um curso de mestrado ou doutorado naquela m\u00e9dia cidade, voc\u00ea atende uma demanda da sociedade e estimula o desenvolvimento cient\u00edfico daquela regi\u00e3o. N\u00f3s estamos vivendo um momento em que o desenvolvimento do pa\u00eds se interiorizou. As regi\u00f5es mais din\u00e2micas n\u00e3o est\u00e3o restritas ao Rio de Janeiro e a S\u00e3o Paulo\u201d, compara.<\/p>\n<p>O programa dever\u00e1 investir na infraestrutura de laborat\u00f3rios, na forma\u00e7\u00e3o e na fixa\u00e7\u00e3o de mestres e doutores no territ\u00f3rio nacional de forma equitativa. Al\u00e9m da predomin\u00e2ncia de grupos de pesquisa em regi\u00f5es espec\u00edficas do pa\u00eds, a Andifes avalia que os trabalhos tamb\u00e9m se concentram em certas \u00e1reas do conhecimento. O objetivo do PAPG \u00e9 acabar com essa discrep\u00e2ncia.<\/p>\n<p>\u201cA p\u00f3s-gradua\u00e7\u00e3o hoje se concentra em \u00e1reas do conhecimento como as ci\u00eancias biol\u00f3gicas e agr\u00e1rias, mas outras \u00e1reas como as humanas tiveram um desenvolvimento mais t\u00edmido\u201d, aponta.<\/p>\n<p>Segundo Barbiero, o projeto foi bem recebido pelos ministros da Educa\u00e7\u00e3o, Fernando Haddad, e da Ci\u00eancia e Tecnologia, Sergio Rezende. Ser\u00e1 formada uma comiss\u00e3o para definir as linhas principais do programa e a ideia \u00e9 que haja previs\u00e3o no or\u00e7amento das pastas para 2010. Na primeira fase do PAPG, os recursos v\u00e3o vir de programas que j\u00e1 s\u00e3o voltados para o investimento em pesquisa. Segundo Barbiero, ainda n\u00e3o foi estabelecido o montante que ser\u00e1 necess\u00e1rio para fazer essa reestrutura\u00e7\u00e3o.<\/p>\n<p>\u201cO MEC e o MCT v\u00e3o ser protagonistas, mas a gente busca uma a\u00e7\u00e3o interministerial articulada, incluindo os minist\u00e9rios da Agricultura, da Ind\u00fastria e Com\u00e9rcio, a Casa Civil e a pr\u00f3pria Confedera\u00e7\u00e3o Nacional da Ind\u00fastria. Vamos fortalecer a p\u00f3s-gradua\u00e7\u00e3o como elemento estrat\u00e9gico do desenvolvimento nacional\u201d, afirma.<\/p>\n<p>Amanda Cieglinski<br \/>\n<em>Rep\u00f3rter da Ag\u00eancia Brasil<\/em><\/p>\n","protected":false},"excerpt":{"rendered":"<p>Os reitores das universidades federais querem impulsionar a p\u00f3s-gradua\u00e7\u00e3o e o desenvolvimento cient\u00edfico no pa\u00eds, especialmente em regi\u00f5es como o Norte e o Nordeste. Em parceria com os minist\u00e9rios da Educa\u00e7\u00e3o (MEC) e da Ci\u00eancia e Tecnologia (MCT), est\u00e1 em elabora\u00e7\u00e3o um projeto para reestruturar os programas de mestrado e doutorado nas institui\u00e7\u00f5es federais. A [&hellip;]<\/p>\n","protected":false},"author":3,"featured_media":0,"comment_status":"open","ping_status":"open","sticky":false,"template":"","format":"standard","meta":{"tdm_status":"","tdm_grid_status":"","footnotes":""},"categories":[22],"tags":[],"class_list":{"0":"post-3305","1":"post","2":"type-post","3":"status-publish","4":"format-standard","6":"category-brasil"},"_links":{"self":[{"href":"https:\/\/migracao.redenoticia.com.br\/noticia\/wp-json\/wp\/v2\/posts\/3305","targetHints":{"allow":["GET"]}}],"collection":[{"href":"https:\/\/migracao.redenoticia.com.br\/noticia\/wp-json\/wp\/v2\/posts"}],"about":[{"href":"https:\/\/migracao.redenoticia.com.br\/noticia\/wp-json\/wp\/v2\/types\/post"}],"author":[{"embeddable":true,"href":"https:\/\/migracao.redenoticia.com.br\/noticia\/wp-json\/wp\/v2\/users\/3"}],"replies":[{"embeddable":true,"href":"https:\/\/migracao.redenoticia.com.br\/noticia\/wp-json\/wp\/v2\/comments?post=3305"}],"version-history":[{"count":0,"href":"https:\/\/migracao.redenoticia.com.br\/noticia\/wp-json\/wp\/v2\/posts\/3305\/revisions"}],"wp:attachment":[{"href":"https:\/\/migracao.redenoticia.com.br\/noticia\/wp-json\/wp\/v2\/media?parent=3305"}],"wp:term":[{"taxonomy":"category","embeddable":true,"href":"https:\/\/migracao.redenoticia.com.br\/noticia\/wp-json\/wp\/v2\/categories?post=3305"},{"taxonomy":"post_tag","embeddable":true,"href":"https:\/\/migracao.redenoticia.com.br\/noticia\/wp-json\/wp\/v2\/tags?post=3305"}],"curies":[{"name":"wp","href":"https:\/\/api.w.org\/{rel}","templated":true}]}}