{"id":3307,"date":"2009-06-20T17:34:11","date_gmt":"2009-06-20T21:34:11","guid":{"rendered":"http:\/\/www.redenoticia.com.br\/noticia\/?p=3307"},"modified":"2009-06-20T17:34:11","modified_gmt":"2009-06-20T21:34:11","slug":"dividas-fiscais-podem-ser-pagas-com-beneficios-da-lei-11-94109","status":"publish","type":"post","link":"https:\/\/migracao.redenoticia.com.br\/noticia\/2009\/dividas-fiscais-podem-ser-pagas-com-beneficios-da-lei-11-94109\/3307","title":{"rendered":"D\u00edvidas fiscais podem ser pagas com benef\u00edcios da lei 11.941\/09,"},"content":{"rendered":"<p>Contribuintes que possuam d\u00edvidas fiscais com a Receita Federal do Brasil e que foram exclu\u00eddos do Programa de Recupera\u00e7\u00e3o Fiscal &#8211; REFIS, do Parcelamento Especial &#8211; PAES e do Parcelamento Excepcional &#8211; PAEX, seja por inadimpl\u00eancia ou qualquer outra irregularidade, poder\u00e3o quitar seus d\u00e9bitos com benef\u00edcios fiscais trazidos pela lei 11.941\/09, publicada no \u00faltimo dia 28\/05. Os contribuintes poder\u00e3o, ainda, ter prazos maiores para o pagamento, parcelando a d\u00edvida em at\u00e9 180 meses.<\/p>\n<p>Essa medida faz parte do &#8220;pacote anti-crise&#8221;, que teve origem com a edi\u00e7\u00e3o da Medida Provis\u00f3ria 449\/08, que permite tamb\u00e9m a liquida\u00e7\u00e3o dos d\u00e9bitos com isen\u00e7\u00e3o total ou parcial da cobran\u00e7a de multa, seja de mora ou of\u00edcio, e de juros morat\u00f3rios, inclusive os j\u00e1 inscritos em d\u00edvida ativa. Segue abaixo tabela com todos os benef\u00edcios.<\/p>\n<p>O advogado tributarista e diretor da Gasparino, Fabro, Roman e Sachet Advocacia, Felipe L\u00fcckmann Fabro, alerta que a ades\u00e3o ao Programa suspende a pretens\u00e3o punitiva do Estado e interrompe a continuidade dos processos criminais, tais como apropria\u00e7\u00e3o ind\u00e9bita e sonega\u00e7\u00e3o fiscal, sendo extinta a puni\u00e7\u00e3o quando o programa for finalizado.<\/p>\n<p>&#8220;Outra vantagem est\u00e1 para os contribuintes que tenham feito dep\u00f3sito judicial, pois com a inclus\u00e3o do d\u00e9bito fiscal no programa permitir\u00e1 o levantamento de valores, aliviando o caixa das empresas&#8221;, comenta Fabro.<\/p>\n","protected":false},"excerpt":{"rendered":"<p>Contribuintes que possuam d\u00edvidas fiscais com a Receita Federal do Brasil e que foram exclu\u00eddos do Programa de Recupera\u00e7\u00e3o Fiscal &#8211; REFIS, do Parcelamento Especial &#8211; PAES e do Parcelamento Excepcional &#8211; PAEX, seja por inadimpl\u00eancia ou qualquer outra irregularidade, poder\u00e3o quitar seus d\u00e9bitos com benef\u00edcios fiscais trazidos pela lei 11.941\/09, publicada no \u00faltimo dia [&hellip;]<\/p>\n","protected":false},"author":3,"featured_media":0,"comment_status":"open","ping_status":"open","sticky":false,"template":"","format":"standard","meta":{"tdm_status":"","tdm_grid_status":"","footnotes":""},"categories":[22,7],"tags":[],"class_list":{"0":"post-3307","1":"post","2":"type-post","3":"status-publish","4":"format-standard","6":"category-brasil","7":"category-economia"},"_links":{"self":[{"href":"https:\/\/migracao.redenoticia.com.br\/noticia\/wp-json\/wp\/v2\/posts\/3307","targetHints":{"allow":["GET"]}}],"collection":[{"href":"https:\/\/migracao.redenoticia.com.br\/noticia\/wp-json\/wp\/v2\/posts"}],"about":[{"href":"https:\/\/migracao.redenoticia.com.br\/noticia\/wp-json\/wp\/v2\/types\/post"}],"author":[{"embeddable":true,"href":"https:\/\/migracao.redenoticia.com.br\/noticia\/wp-json\/wp\/v2\/users\/3"}],"replies":[{"embeddable":true,"href":"https:\/\/migracao.redenoticia.com.br\/noticia\/wp-json\/wp\/v2\/comments?post=3307"}],"version-history":[{"count":0,"href":"https:\/\/migracao.redenoticia.com.br\/noticia\/wp-json\/wp\/v2\/posts\/3307\/revisions"}],"wp:attachment":[{"href":"https:\/\/migracao.redenoticia.com.br\/noticia\/wp-json\/wp\/v2\/media?parent=3307"}],"wp:term":[{"taxonomy":"category","embeddable":true,"href":"https:\/\/migracao.redenoticia.com.br\/noticia\/wp-json\/wp\/v2\/categories?post=3307"},{"taxonomy":"post_tag","embeddable":true,"href":"https:\/\/migracao.redenoticia.com.br\/noticia\/wp-json\/wp\/v2\/tags?post=3307"}],"curies":[{"name":"wp","href":"https:\/\/api.w.org\/{rel}","templated":true}]}}