{"id":3314,"date":"2009-06-20T16:37:50","date_gmt":"2009-06-20T20:37:50","guid":{"rendered":"http:\/\/www.redenoticia.com.br\/noticia\/?p=3314"},"modified":"2009-06-20T17:42:11","modified_gmt":"2009-06-20T21:42:11","slug":"expositores-investem-em-acessorios-ecologicamente-corretos","status":"publish","type":"post","link":"https:\/\/migracao.redenoticia.com.br\/noticia\/2009\/expositores-investem-em-acessorios-ecologicamente-corretos\/3314","title":{"rendered":"Expositores investem em acess\u00f3rios ecologicamente corretos"},"content":{"rendered":"<p><a href=\"https:\/\/migracao.redenoticia.com.br\/noticia\/imagens\/\/acessorio.jpg\"><img loading=\"lazy\" decoding=\"async\" class=\"alignleft size-medium wp-image-3315\" title=\"acessorio\" src=\"https:\/\/migracao.redenoticia.com.br\/noticia\/imagens\/\/acessorio-249x187.jpg\" alt=\"acessorio\" width=\"249\" height=\"187\" \/><\/a>A mostra\/acess\u00f3rios, que conta com cerca de setenta expositores, trar\u00e1 para S\u00e3o Paulo o trabalho de designers que as organizadoras garimpam em todo o Brasil. Nessa pr\u00f3xima edi\u00e7\u00e3o, que acontecer\u00e1 entre os dias 13 a 16 de julho, alguns deles aparecem como refer\u00eancia quando o assunto \u00e9 um mundo melhor.<br \/>\nA Natural Fashion busca fortalecer a cadeia t\u00eaxtil do algod\u00e3o colorido, comercializando produtos ecologicamente e socialmente corretos atrav\u00e9s da valoriza\u00e7\u00e3o da agricultura familiar e do artesanato local. As bolsas da Salmar Sustent\u00e1vel s\u00e3o confeccionadas em lona reaproveitada e algumas feitas de bambu.<br \/>\nA Dear B. \u00e9 uma empresa &#8221;verde&#8221;. As pe\u00e7as s\u00e3o todas confeccionadas \u00e0 m\u00e3o em pequenas quantidades, diminuindo a emiss\u00e3o de carbono poluente ao meio ambiente. A empresa tamb\u00e9m d\u00e1 prioridade \u00e0 materiais naturais facilmente encontrados na natureza, como cristais de quartzo e prata.<br \/>\nOutro expositor, a Spariam n\u00e3o utiliza produtos de origem animal e realiza promo\u00e7\u00f5es com parte da renda destinada \u00e0 SUIPA &#8211; Sociedade Uni\u00e3o Internacional Protetora dos Animais. A empresa reaproveita seus retalhos em montagens de desenhos para enfeitar coisas menores como porta IPOD ou porta cerveja, na \u00e9poca do Carnaval. Outro projeto \u00e9 o Ideias Livres. Todos os clientes podem doar seus livros \u00e0 loja e ganhar um desconto na compra de mercadorias. A Spariam adesiva as doa\u00e7\u00f5es e as deixam dispon\u00edveis na galeria para quem quiser pegar.<br \/>\nO reaproveitamento de materiais tamb\u00e9m faz parte dos trabalhos de duas outras expositoras: A Malu Pedrosa, faz bolsas artesanalmente com reaproveitamento de tecidos usados em decora\u00e7\u00e3o; j\u00e1 a Bruna Starling, faz o mesmo com os retalhos de couro que usa para decorar suas bolsas, evitando o desperd\u00edcio e o abate de mais animais.<br \/>\nOs cadernos da Stylograph ETC s\u00e3o 100% confeccionados com papel reciclado, a capa em papel\u00e3o de jornal escrito \u00e9 forrada com papel artesanal estampado em silk screen, as folhas s\u00e3o em papel reciclado industrial com impress\u00e3o em marca d&#8221;\u00e1gua, acompanhando a estampa da capa. O vinil excedente no processo de produ\u00e7\u00e3o dos adesivos \u00e9 encaminhado para fabrica\u00e7\u00e3o de lonas vin\u00edlicas. Os produtos s\u00e3o desenvolvidos com o cuidado de escolher fornecedores e processos de produ\u00e7\u00e3o que reciclem materiais, tanto no in\u00edcio quanto em qualquer ponto da cadeia produtiva.<br \/>\nUma parceria especial mostra\/acess\u00f3rios ser\u00e1 com a Associa\u00e7\u00e3o de Assist\u00eancia \u00e0 Crian\u00e7a Card\u00edaca e \u00e0 Transplantada do Cora\u00e7\u00e3o &#8211; ACTC, uma organiza\u00e7\u00e3o sem fins lucrativos que atende crian\u00e7as portadoras de doen\u00e7as card\u00edacas graves, vindas de todo o Brasil e de pa\u00edses vizinhos, para tratamento no Instituto do Cora\u00e7\u00e3o &#8211; InCor (HC-FMUSP). A ACTC mant\u00e9m um bazar permanente, onde comercializa o artesanato produzido pelas m\u00e3es \/ acompanhantes da Associa\u00e7\u00e3o, bem como pe\u00e7as novas e de primeiro uso doadas para a entidade. O Bazar da ACTC \u00e9 uma importante fonte de renda para a manuten\u00e7\u00e3o das atividades desenvolvidas pela Associa\u00e7\u00e3o.<\/p>\n","protected":false},"excerpt":{"rendered":"<p>A mostra\/acess\u00f3rios, que conta com cerca de setenta expositores, trar\u00e1 para S\u00e3o Paulo o trabalho de designers que as organizadoras garimpam em todo o Brasil. Nessa pr\u00f3xima edi\u00e7\u00e3o, que acontecer\u00e1 entre os dias 13 a 16 de julho, alguns deles aparecem como refer\u00eancia quando o assunto \u00e9 um mundo melhor. A Natural Fashion busca fortalecer [&hellip;]<\/p>\n","protected":false},"author":3,"featured_media":0,"comment_status":"open","ping_status":"open","sticky":false,"template":"","format":"standard","meta":{"tdm_status":"","tdm_grid_status":"","footnotes":""},"categories":[22],"tags":[],"class_list":{"0":"post-3314","1":"post","2":"type-post","3":"status-publish","4":"format-standard","6":"category-brasil"},"_links":{"self":[{"href":"https:\/\/migracao.redenoticia.com.br\/noticia\/wp-json\/wp\/v2\/posts\/3314","targetHints":{"allow":["GET"]}}],"collection":[{"href":"https:\/\/migracao.redenoticia.com.br\/noticia\/wp-json\/wp\/v2\/posts"}],"about":[{"href":"https:\/\/migracao.redenoticia.com.br\/noticia\/wp-json\/wp\/v2\/types\/post"}],"author":[{"embeddable":true,"href":"https:\/\/migracao.redenoticia.com.br\/noticia\/wp-json\/wp\/v2\/users\/3"}],"replies":[{"embeddable":true,"href":"https:\/\/migracao.redenoticia.com.br\/noticia\/wp-json\/wp\/v2\/comments?post=3314"}],"version-history":[{"count":0,"href":"https:\/\/migracao.redenoticia.com.br\/noticia\/wp-json\/wp\/v2\/posts\/3314\/revisions"}],"wp:attachment":[{"href":"https:\/\/migracao.redenoticia.com.br\/noticia\/wp-json\/wp\/v2\/media?parent=3314"}],"wp:term":[{"taxonomy":"category","embeddable":true,"href":"https:\/\/migracao.redenoticia.com.br\/noticia\/wp-json\/wp\/v2\/categories?post=3314"},{"taxonomy":"post_tag","embeddable":true,"href":"https:\/\/migracao.redenoticia.com.br\/noticia\/wp-json\/wp\/v2\/tags?post=3314"}],"curies":[{"name":"wp","href":"https:\/\/api.w.org\/{rel}","templated":true}]}}