{"id":3323,"date":"2009-06-20T17:49:41","date_gmt":"2009-06-20T21:49:41","guid":{"rendered":"http:\/\/www.redenoticia.com.br\/noticia\/?p=3323"},"modified":"2009-06-21T21:59:10","modified_gmt":"2009-06-22T01:59:10","slug":"projeto-de-leitura-gera-transformacao-cultural-no-amapa","status":"publish","type":"post","link":"https:\/\/migracao.redenoticia.com.br\/noticia\/2009\/projeto-de-leitura-gera-transformacao-cultural-no-amapa\/3323","title":{"rendered":"Projeto de leitura gera transforma\u00e7\u00e3o cultural no Amap\u00e1"},"content":{"rendered":"<p>Uma parceria entre o Instituto Chico Mendes de Conserva\u00e7\u00e3o da Biodiversidade (ICMBio), o Minist\u00e9rio do Desenvolvimento Agr\u00e1rio (MDA) e a a ONG Nossa Casa vem contribuindo para ampliar os horizontes culturais das comunidades residentes na Reserva Extrativista (Resex) do Cajari, no Amap\u00e1. Pelo projeto, moradores intercalam a colheita da castanha, do palmito e do a\u00e7a\u00ed com a leitura de livros, o que tem gerado uma importante transforma\u00e7\u00e3o cultural em suas vidas.<\/p>\n<p>A iniciativa, conduzida pelos ativistas da Nossa Casa, chama-se Barca das Letras e faz parte do projeto Arca das Letras, do MDA. Essa a\u00e7\u00e3o consiste em instalar pequenas bibliotecas nas regi\u00f5es mais long\u00ednquas do pa\u00eds, nas quais os livros s\u00e3o dispostos num tipo de arca. Treze comunidades do baixo e m\u00e9dio Cajari j\u00e1 est\u00e3o sendo beneficiadas pelo projeto. Seis delas receberam as obras do MDA e o restante da Nossa Casa.<\/p>\n<p>O nome Barca das Letras tem uma explica\u00e7\u00e3o. O diretor da ONG Nossa Casa, Jonas Banhos, conta que observou muitas barcas abandonadas pelas comunidades e imaginou que poderia aproveitar aquela estrutura para armazenar os livros. &#8220;Ent\u00e3o, adaptamos as velhas embarca\u00e7\u00f5es e as transformamos em bibliotecas para tornar a iniciativa mais familiar ao modo de vida das pessoas. Afinal, os barquinhos s\u00e3o o principal meio de transporte aqui.&#8221;<\/p>\n<p>Segundo Banhos, essa iniciativa \u00e9 muito produtiva devido \u00e0 parceira com o ICMBio, por interm\u00e9dio da administra\u00e7\u00e3o da Resex do Cajari. &#8220;A regi\u00e3o \u00e9 de dif\u00edcil acesso. Se n\u00e3o tiv\u00e9ssemos tido total apoio do Instituto, esse trabalho seria completamente invi\u00e1vel. Hoje, j\u00e1 temos mais 70 leitores ass\u00edduos em locais onde inexistiam produtos culturais&#8221;, diz ele.<\/p>\n<p>A analista ambiental Cristiane Gois, que atua na Resex, conta que, ao saber da novidade, as comunidades locais ficaram empolgadas. &#8220;Nas reuni\u00f5es que antecederam a entrega, quando foram estipuladas as localidades que seriam atendidas nessa primeira etapa, pod\u00edamos notar a felicidade em cada rosto&#8221;, comenta.<\/p>\n<p>Ela faz quest\u00e3o de ressaltar que s\u00e3o os pr\u00f3prios moradores que cuidam dos livros, das anota\u00e7\u00f5es de empr\u00e9stimos e da dissemina\u00e7\u00e3o da leitura entre todos. Cristiane detalha ainda que todos os t\u00edtulos s\u00e3o lidos, sem distin\u00e7\u00e3o. &#8220;S\u00e3o livros did\u00e1ticos, fonte de pesquisa em temas variados, infantis, contos, poesias e afins&#8221;, diz ela.<\/p>\n<p>Tanto Jonas Banhos, da ONG, quanto Cristiane Gois e demais integrantes da administra\u00e7\u00e3o da Resex do Cajari, est\u00e3o muito animados e j\u00e1 programam a segunda fase do projeto. As a\u00e7\u00f5es previstas abrangem a amplia\u00e7\u00e3o do Arca e do Barca das Letras para outras regi\u00f5es da Reserva, al\u00e9m de um programa de inclus\u00e3o digital. &#8220;Existem muitas cooperativas na reserva, e quanto mais informa\u00e7\u00f5es essas pessoas conseguirem, mais lucrativos ser\u00e3o os trabalhos delas&#8221;, pondera Cristiane.<\/p>\n<p>Banhos destaca que esse \u00e2nimo em continuar dando assist\u00eancia aos extrativistas \u00e9 rea\u00e7\u00e3o ao fato de serem t\u00e3o bem recebidos pelas comunidades. &#8220;Agora mesmo estamos voltando l\u00e1 para levar a eles uma mostra de cinema. As pessoas ficam animad\u00edssimas ao terem o primeiro contato com a S\u00e9tima Arte. A gente fica mais ainda, por sentir o valor que essas a\u00e7\u00f5es t\u00eam&#8221;, conclui.<\/p>\n<p>Curiosidade &#8211; O Arca das Letras j\u00e1 vem sendo implementando em v\u00e1rias regi\u00f5es do Brasil, sobretudo aquelas onde o acesso \u00e0 cultura \u00e9 mais dif\u00edcil, como \u00e1reas de quilombolas, de agricultura familiar ou de dif\u00edcil acesso, o que \u00e9 o caso da Resex do Cajari. O programa foi criado em 2003 pela Secretaria de Reordenamento Agr\u00e1rio, do Minist\u00e9rio do Desenvolvimento Agr\u00e1rio. Cada biblioteca possui cerca de 220 t\u00edtulos, frutos de doa\u00e7\u00f5es. Atualmente s\u00e3o quase seis mil instaladas em todos os estados do pa\u00eds.<\/p>\n<p>Servi\u00e7o<br \/>\nPara saber mais sobre o Arca das Letras acesse www.mda.gov.br e sobre o Barca das Letras, inclusive para doa\u00e7\u00f5es de livros, acesse www.nossacasaap.com.br.<\/p>\n","protected":false},"excerpt":{"rendered":"<p>Uma parceria entre o Instituto Chico Mendes de Conserva\u00e7\u00e3o da Biodiversidade (ICMBio), o Minist\u00e9rio do Desenvolvimento Agr\u00e1rio (MDA) e a a ONG Nossa Casa vem contribuindo para ampliar os horizontes culturais das comunidades residentes na Reserva Extrativista (Resex) do Cajari, no Amap\u00e1. Pelo projeto, moradores intercalam a colheita da castanha, do palmito e do a\u00e7a\u00ed [&hellip;]<\/p>\n","protected":false},"author":3,"featured_media":0,"comment_status":"open","ping_status":"open","sticky":false,"template":"","format":"standard","meta":{"tdm_status":"","tdm_grid_status":"","footnotes":""},"categories":[22],"tags":[],"class_list":{"0":"post-3323","1":"post","2":"type-post","3":"status-publish","4":"format-standard","6":"category-brasil"},"_links":{"self":[{"href":"https:\/\/migracao.redenoticia.com.br\/noticia\/wp-json\/wp\/v2\/posts\/3323","targetHints":{"allow":["GET"]}}],"collection":[{"href":"https:\/\/migracao.redenoticia.com.br\/noticia\/wp-json\/wp\/v2\/posts"}],"about":[{"href":"https:\/\/migracao.redenoticia.com.br\/noticia\/wp-json\/wp\/v2\/types\/post"}],"author":[{"embeddable":true,"href":"https:\/\/migracao.redenoticia.com.br\/noticia\/wp-json\/wp\/v2\/users\/3"}],"replies":[{"embeddable":true,"href":"https:\/\/migracao.redenoticia.com.br\/noticia\/wp-json\/wp\/v2\/comments?post=3323"}],"version-history":[{"count":0,"href":"https:\/\/migracao.redenoticia.com.br\/noticia\/wp-json\/wp\/v2\/posts\/3323\/revisions"}],"wp:attachment":[{"href":"https:\/\/migracao.redenoticia.com.br\/noticia\/wp-json\/wp\/v2\/media?parent=3323"}],"wp:term":[{"taxonomy":"category","embeddable":true,"href":"https:\/\/migracao.redenoticia.com.br\/noticia\/wp-json\/wp\/v2\/categories?post=3323"},{"taxonomy":"post_tag","embeddable":true,"href":"https:\/\/migracao.redenoticia.com.br\/noticia\/wp-json\/wp\/v2\/tags?post=3323"}],"curies":[{"name":"wp","href":"https:\/\/api.w.org\/{rel}","templated":true}]}}