{"id":3327,"date":"2009-06-20T17:53:13","date_gmt":"2009-06-20T21:53:13","guid":{"rendered":"http:\/\/www.redenoticia.com.br\/noticia\/?p=3327"},"modified":"2009-06-21T21:59:32","modified_gmt":"2009-06-22T01:59:32","slug":"ato-publico-pede-veto-a-mp-da-grilagem","status":"publish","type":"post","link":"https:\/\/migracao.redenoticia.com.br\/noticia\/2009\/ato-publico-pede-veto-a-mp-da-grilagem\/3327","title":{"rendered":"Ato p\u00fablico pede veto \u00e0 MP da Grilagem"},"content":{"rendered":"<p>Manifesta\u00e7\u00e3o contou com a participa\u00e7\u00e3o de 800 pessoas e ocorreu durante o \u00faltimo dia da Confer\u00eancia Internacional 2009 do Instituto Ethos, no Hotel Transam\u00e9rica, em S\u00e3o Paulo. Evento foi importante porque reuniu um amplo arco social, de empres\u00e1rios a sindicalistas e representantes de ONGs, para defender a agenda ambiental brasileira.<\/p>\n<p>S\u00e3o Paulo, junho de 2009 &#8211; Na abertura da manifesta\u00e7\u00e3o, Ricardo Young, presidente do Instituto Ethos ressaltou que o ato n\u00e3o era contra ou favor qualquer governo, mas pelo Brasil e de seus imensos recursos naturais. &#8220;As riquezas do pa\u00eds n\u00e3o pertencem a um grupo. S\u00e3o um patrim\u00f4nio dos brasileiros, que t\u00eam obriga\u00e7\u00e3o de dar o melhor uso poss\u00edvel para os imensos recursos que est\u00e3o sob nossa cust\u00f3dia&#8221;, enfatizou o presidente do Ethos.<\/p>\n<p>Participaram Ricardo Young, presidente do Instituto Ethos, Guilherme Leal, Presidente do conselho de administra\u00e7\u00e3o da Natura, Oded Grajew, representando a Rede de Cidades Sustent\u00e1veis, Hector Nunez, presidente do Wal-Mart Brasil, Beto Ricardo, diretor do Instituto Socioambiental, S\u00e9rgio Amoroso, presidente do Grupo Orsa, Dudu Polito, representante Presidente da CUT, Jos\u00e9 Luciano Penido, presidente da VCP, Marcelo Furtado, diretor do Greenpeace, Virg\u00edlio Viana, diretor da Funda\u00e7\u00e3o Amazonas Sustent\u00e1vel, representando o Centro das Ind\u00fastrias do Estado do Amazonas, Roberto Waack, presidente da Amata e conselheiro internacional do FSC, J\u00falio Barbosa, secret\u00e1rio nacional de meio ambiente do PT, diretor do Conselho Nacional de Seringueiros e integrante da Comiss\u00e3o Executiva do Forum Amazonia Sustent\u00e1vel, Regina Calvini, superintendente de Desenvolvimento Operacional da WWF, Leonardo Sakamoto, diretor da Reporter Brasil, Rodrigo Loures, presidente da Nutrimental e da Federa\u00e7\u00e3o das Industrias do Estado do Paran\u00e1 &#8211; FIEP, Roberto Smeraldi, diretor da Amigos da Terra &#8211; Amazonia Brasileira e Ivo Bucareski, chefe de Gabinete do MMA.<\/p>\n<p>Em seguida, um a um dos convidados tomou a palavra para ressaltar porque a Amaz\u00f4nia e a agenda ambiental s\u00e3o importantes para os neg\u00f3cios e para desenvolvimento social e econ\u00f4mico equilibrado do Brasil. Hector Nunez citou o recente relat\u00f3rio do Greenpeace, destacando as medidas que o Wal Mart adotou para evitar que os produtos comercializados por esta rede sejam &#8220;contaminados&#8221; pelo desmatamento e pelo trabalho escravo.<\/p>\n<p>Jos\u00e9 Luciano Penido sugeriu a cria\u00e7\u00e3o de um fundo direto, sem burocracias, para que o pequeno propriet\u00e1rio rural possa transformar responsabilidade socioambiental em ativo que gere renda para si e benef\u00edcios para toda a sociedade. Beto Ricardo, do Instituto Socioambiental, alertou que n\u00e3o \u00e9 mais poss\u00edvel aos brasileiros andar na contram\u00e3o da hist\u00f3ria. (citar uma frase dele). E Leonardo Sakamoto lembrou que as maiores ocorr\u00eancias de trabalho escravo est\u00e3o, justamente numa regi\u00e3o que vai do Maranh\u00e3o a Rond\u00f4nia, chamada, sintomaticamente, de &#8220;arco do desmatamento&#8221;. &#8220;Quem desmata, usa trabalho escravo para derrubar \u00e1rvores&#8221;, diz ele, que ainda destacou Vitalmiro Bastos de Moura, um dos acusados pela morte da irm\u00e3 Dorothy Stang, ser\u00e1 um dos beneficiados pela MP 458, se o presidente da Rep\u00fablica n\u00e3o vetar os tr\u00eas artigos.<\/p>\n<p>S\u00e9rgio Mindlin, presidente do Conselho Deliberativo do Instituto Ethos, leu uma carta aberta \u00e0 sociedade , pedindo \u00e0 Presid\u00eancia da Rep\u00fablica para que vete os tr\u00eas artigos da MP 458, conforme a Carta Aberta da senadora Marina Silva encaminhada ao presidente Luiz In\u00e1cio Lula da Silva e assuma a lideran\u00e7a da agenda ambiental como central na estrat\u00e9gia do desenvolvimento social e econ\u00f4mico do Brasil; que o Congresso Nacional assuma sua responsabilidade frente \u00e0 agenda ambiental brasileira e as empresas incorporem a agenda ambiental como estrat\u00e9gia de seus neg\u00f3cios.<\/p>\n<p>A senadora Marina Silva e o ministro Carlos Minc, que n\u00e3o puderam estar presentes, enviaram mensagens em v\u00eddeo que foram apresentadas aos manifestantes.<\/p>\n<p>&#8220;A terra n\u00e3o pertence ao homem, \u00e9 o homem que pertence \u00e0 terra.&#8221; Esta frase, que faz parte de uma carta de lideran\u00e7as ind\u00edgenas lida por Oded Grajew no in\u00edcio da manifesta\u00e7\u00e3o, retrata um pensamento que nos convida \u00e0 reflex\u00e3o de nossos valores e, portanto, de nossas atitudes com rela\u00e7\u00e3o ao meio ambiente.<\/p>\n<p>Veja a carta do Instituto Ethos em <a href=\"http:\/\/www.ethos.org.br\/ci2009 \">www.ethos.org.br\/ci2009 <\/a><\/p>\n","protected":false},"excerpt":{"rendered":"<p>Manifesta\u00e7\u00e3o contou com a participa\u00e7\u00e3o de 800 pessoas e ocorreu durante o \u00faltimo dia da Confer\u00eancia Internacional 2009 do Instituto Ethos, no Hotel Transam\u00e9rica, em S\u00e3o Paulo. Evento foi importante porque reuniu um amplo arco social, de empres\u00e1rios a sindicalistas e representantes de ONGs, para defender a agenda ambiental brasileira. S\u00e3o Paulo, junho de 2009 [&hellip;]<\/p>\n","protected":false},"author":3,"featured_media":0,"comment_status":"open","ping_status":"open","sticky":false,"template":"","format":"standard","meta":{"tdm_status":"","tdm_grid_status":"","footnotes":""},"categories":[22,7],"tags":[],"class_list":{"0":"post-3327","1":"post","2":"type-post","3":"status-publish","4":"format-standard","6":"category-brasil","7":"category-economia"},"_links":{"self":[{"href":"https:\/\/migracao.redenoticia.com.br\/noticia\/wp-json\/wp\/v2\/posts\/3327","targetHints":{"allow":["GET"]}}],"collection":[{"href":"https:\/\/migracao.redenoticia.com.br\/noticia\/wp-json\/wp\/v2\/posts"}],"about":[{"href":"https:\/\/migracao.redenoticia.com.br\/noticia\/wp-json\/wp\/v2\/types\/post"}],"author":[{"embeddable":true,"href":"https:\/\/migracao.redenoticia.com.br\/noticia\/wp-json\/wp\/v2\/users\/3"}],"replies":[{"embeddable":true,"href":"https:\/\/migracao.redenoticia.com.br\/noticia\/wp-json\/wp\/v2\/comments?post=3327"}],"version-history":[{"count":0,"href":"https:\/\/migracao.redenoticia.com.br\/noticia\/wp-json\/wp\/v2\/posts\/3327\/revisions"}],"wp:attachment":[{"href":"https:\/\/migracao.redenoticia.com.br\/noticia\/wp-json\/wp\/v2\/media?parent=3327"}],"wp:term":[{"taxonomy":"category","embeddable":true,"href":"https:\/\/migracao.redenoticia.com.br\/noticia\/wp-json\/wp\/v2\/categories?post=3327"},{"taxonomy":"post_tag","embeddable":true,"href":"https:\/\/migracao.redenoticia.com.br\/noticia\/wp-json\/wp\/v2\/tags?post=3327"}],"curies":[{"name":"wp","href":"https:\/\/api.w.org\/{rel}","templated":true}]}}