{"id":33298,"date":"2011-01-25T20:03:12","date_gmt":"2011-01-26T00:03:12","guid":{"rendered":"http:\/\/www.redenoticia.com.br\/noticia\/?p=33298"},"modified":"2018-08-13T10:34:37","modified_gmt":"2018-08-13T13:34:37","slug":"votacao-em-mauricio-e-diogo-do-bbb-11-movimenta-enquetes","status":"publish","type":"post","link":"https:\/\/migracao.redenoticia.com.br\/noticia\/2011\/votacao-em-mauricio-e-diogo-do-bbb-11-movimenta-enquetes\/33298","title":{"rendered":"Vota\u00e7\u00e3o em Maur\u00edcio e Diogo do BBB 11 movimenta enquetes"},"content":{"rendered":"<p><strong><em><img loading=\"lazy\" decoding=\"async\" class=\"alignleft size-full wp-image-22134\" title=\"BBB 11 Rede Globo\" src=\"https:\/\/migracao.redenoticia.com.br\/noticia\/imagens\/BBB-10-Rede-Globo.jpg\" alt=\"\" width=\"300\" height=\"193\" srcset=\"https:\/\/migracao.redenoticia.com.br\/noticia\/imagens\/BBB-10-Rede-Globo.jpg 300w, https:\/\/migracao.redenoticia.com.br\/noticia\/imagens\/BBB-10-Rede-Globo-250x161.jpg 250w, https:\/\/migracao.redenoticia.com.br\/noticia\/imagens\/BBB-10-Rede-Globo-150x97.jpg 150w\" sizes=\"auto, (max-width: 300px) 100vw, 300px\" \/>BBB 11<\/em><\/strong> \u2013 desde este domingo (23\/01), quando foi formado o segundo pared\u00e3o entre <strong><em>Maur\u00edcio<\/em><\/strong> e <strong><em>Diogo,<\/em><\/strong> <strong><em>ao vivo<\/em><\/strong> no\u00a0BBB 11\u00a0Rede <strong><em>Globo<\/em><\/strong>, e aberta a\u00a0<strong><em>vota\u00e7\u00e3o<\/em><\/strong> para elimina\u00e7\u00e3o de um deles, a disputa foi acirrada. Segundo as enquetes dos grandes portais Maur\u00edcio e Diogo foram igualmente votados pelo p\u00fablico BBB 11. Na\u00a0<a href=\"http:\/\/televisao.uol.com.br\/bbb\/bbb11\/enquetes\/enquete_fotos.htm?id=9728#r\" target=\"_blank\"><strong><em>enquete UOL<\/em><\/strong><\/a> e na\u00a0<a href=\"http:\/\/gente.ig.com.br\/bbb\/bbb24horas\/bbb+11+mauricio+e+diogo+se+enfrentam+no+2+paredao+vote\/n1237966512658.html\" target=\"_blank\">enquete IG Babado<\/a> os dois seguiram praticamente empatados.<\/p>\n<p>A vota\u00e7\u00e3o oficial para eliminar Maur\u00edcio ou Diogo foi no endere\u00e7o da Rede Globo BBB 11 (<a href=\"http:\/\/bbb.globo.com\/votacao\/18406.html\" target=\"_blank\">Clique Aqui<\/a>) at\u00e9 o programa ao vivo da noite de ter\u00e7a-feira (25), quando Maur\u00edcio foi eliminado com 50,81% dos votos.<\/p>\n<p>Na manh\u00e3 da segunda-feira (24) os Brothers fizeram compras. \u00c0 tarde Boninho confirmou no twitter que a Casa de Vidro vai voltar no BBB 11. Segundo o Diretor da Rede Globo a produ\u00e7\u00e3o est\u00e1 trabalhando r\u00e1pido para deixar tudo pronto. Mauricio e Rodrig\u00e3o fizeram uma torta com banana e creme de barbear, e colocaram na geladeira. Daniel n\u00e3o caiu na pegadinha e criticou a brincadeira.<\/p>\n<p>BBB 11 \u2013 Vota\u00e7\u00e3o<\/p>\n","protected":false},"excerpt":{"rendered":"<p>BBB 11 \u2013 desde este domingo (23\/01), quando foi formado o segundo pared\u00e3o entre Maur\u00edcio e Diogo, ao vivo no\u00a0BBB 11\u00a0Rede Globo, e aberta a\u00a0vota\u00e7\u00e3o para elimina\u00e7\u00e3o de um deles, a disputa foi acirrada. Segundo as enquetes dos grandes portais Maur\u00edcio e Diogo foram igualmente votados pelo p\u00fablico BBB 11. Na\u00a0enquete UOL e na\u00a0enquete IG [&hellip;]<\/p>\n","protected":false},"author":3,"featured_media":22134,"comment_status":"open","ping_status":"open","sticky":false,"template":"","format":"standard","meta":{"tdm_status":"","tdm_grid_status":"","footnotes":""},"categories":[520,22,375,343],"tags":[],"class_list":{"0":"post-33298","1":"post","2":"type-post","3":"status-publish","4":"format-standard","5":"has-post-thumbnail","7":"category-big-brother-brasil","8":"category-brasil","9":"category-rede-globo","10":"category-televisao"},"_links":{"self":[{"href":"https:\/\/migracao.redenoticia.com.br\/noticia\/wp-json\/wp\/v2\/posts\/33298","targetHints":{"allow":["GET"]}}],"collection":[{"href":"https:\/\/migracao.redenoticia.com.br\/noticia\/wp-json\/wp\/v2\/posts"}],"about":[{"href":"https:\/\/migracao.redenoticia.com.br\/noticia\/wp-json\/wp\/v2\/types\/post"}],"author":[{"embeddable":true,"href":"https:\/\/migracao.redenoticia.com.br\/noticia\/wp-json\/wp\/v2\/users\/3"}],"replies":[{"embeddable":true,"href":"https:\/\/migracao.redenoticia.com.br\/noticia\/wp-json\/wp\/v2\/comments?post=33298"}],"version-history":[{"count":0,"href":"https:\/\/migracao.redenoticia.com.br\/noticia\/wp-json\/wp\/v2\/posts\/33298\/revisions"}],"wp:featuredmedia":[{"embeddable":true,"href":"https:\/\/migracao.redenoticia.com.br\/noticia\/wp-json\/wp\/v2\/media\/22134"}],"wp:attachment":[{"href":"https:\/\/migracao.redenoticia.com.br\/noticia\/wp-json\/wp\/v2\/media?parent=33298"}],"wp:term":[{"taxonomy":"category","embeddable":true,"href":"https:\/\/migracao.redenoticia.com.br\/noticia\/wp-json\/wp\/v2\/categories?post=33298"},{"taxonomy":"post_tag","embeddable":true,"href":"https:\/\/migracao.redenoticia.com.br\/noticia\/wp-json\/wp\/v2\/tags?post=33298"}],"curies":[{"name":"wp","href":"https:\/\/api.w.org\/{rel}","templated":true}]}}