{"id":333,"date":"2009-04-11T00:15:21","date_gmt":"2009-04-11T04:15:21","guid":{"rendered":"http:\/\/www.redenoticia.com.br\/noticia\/?p=333"},"modified":"2009-04-11T10:20:52","modified_gmt":"2009-04-11T14:20:52","slug":"333","status":"publish","type":"post","link":"https:\/\/migracao.redenoticia.com.br\/noticia\/2009\/333\/333","title":{"rendered":"Blog Vanguarda"},"content":{"rendered":"<p><img loading=\"lazy\" decoding=\"async\" class=\"alignleft\" src=\"http:\/\/farm4.static.flickr.com\/3355\/3430075931_b53b48c7a0_m.jpg\" alt=\"\" width=\"240\" height=\"223\" \/>Quer ficar por dentro da moda, navegue pelo blog da Andrea Fialho.<\/p>\n<p>O\u00a0<strong>Blog Vanguarda<\/strong>\u00a0\u00e9 uma revista eletr\u00f4nica sobre moda, consumo, comportamento,\u00a0beleza e\u00a0neg\u00f3cios.\u00a0A \u00a0proposta do blog \u00e9 democratizar os conceitos de moda, e torn\u00e1-la acess\u00edvel.<\/p>\n<p>Pensar em moda \u00e9 muito contradit\u00f3rio, porque ela serve para padronizar o vestu\u00e1rio, ao mesmo tempo em que oferece ao indiv\u00edduo suporte para sua diferencia\u00e7\u00e3o. Ela capta acontecimentos, fatores econ\u00f4micos, sociais, pol\u00edticos e os transformam em imagem, roupas e acess\u00f3rios.<\/p>\n<p>A Andrea \u00e9 a \u00fanica editora do blog &#8211; formada em Direito, apaixonada por moda desde pequena, com curso t\u00e9cnico em Marketinhg de Moda e Hist\u00f3ria da Moda. . \u00c9 muita moda! Respir moda. Le tudo sobre moda, livros, revistas e sites legais.<\/p>\n<p>\u00a0<\/p>\n<p><a href=\"http:\/\/www.estilovanguarda.com.br\" target=\"_blank\">http:\/\/www.estilovanguarda.com.br<\/a>\/<\/p>\n","protected":false},"excerpt":{"rendered":"<p>Quer ficar por dentro da moda, navegue pelo blog da Andrea Fialho. O\u00a0Blog Vanguarda\u00a0\u00e9 uma revista eletr\u00f4nica sobre moda, consumo, comportamento,\u00a0beleza e\u00a0neg\u00f3cios.\u00a0A \u00a0proposta do blog \u00e9 democratizar os conceitos de moda, e torn\u00e1-la acess\u00edvel. Pensar em moda \u00e9 muito contradit\u00f3rio, porque ela serve para padronizar o vestu\u00e1rio, ao mesmo tempo em que oferece ao indiv\u00edduo [&hellip;]<\/p>\n","protected":false},"author":2,"featured_media":0,"comment_status":"open","ping_status":"open","sticky":false,"template":"","format":"standard","meta":{"tdm_status":"","tdm_grid_status":"","footnotes":""},"categories":[22],"tags":[],"class_list":{"0":"post-333","1":"post","2":"type-post","3":"status-publish","4":"format-standard","6":"category-brasil"},"_links":{"self":[{"href":"https:\/\/migracao.redenoticia.com.br\/noticia\/wp-json\/wp\/v2\/posts\/333","targetHints":{"allow":["GET"]}}],"collection":[{"href":"https:\/\/migracao.redenoticia.com.br\/noticia\/wp-json\/wp\/v2\/posts"}],"about":[{"href":"https:\/\/migracao.redenoticia.com.br\/noticia\/wp-json\/wp\/v2\/types\/post"}],"author":[{"embeddable":true,"href":"https:\/\/migracao.redenoticia.com.br\/noticia\/wp-json\/wp\/v2\/users\/2"}],"replies":[{"embeddable":true,"href":"https:\/\/migracao.redenoticia.com.br\/noticia\/wp-json\/wp\/v2\/comments?post=333"}],"version-history":[{"count":0,"href":"https:\/\/migracao.redenoticia.com.br\/noticia\/wp-json\/wp\/v2\/posts\/333\/revisions"}],"wp:attachment":[{"href":"https:\/\/migracao.redenoticia.com.br\/noticia\/wp-json\/wp\/v2\/media?parent=333"}],"wp:term":[{"taxonomy":"category","embeddable":true,"href":"https:\/\/migracao.redenoticia.com.br\/noticia\/wp-json\/wp\/v2\/categories?post=333"},{"taxonomy":"post_tag","embeddable":true,"href":"https:\/\/migracao.redenoticia.com.br\/noticia\/wp-json\/wp\/v2\/tags?post=333"}],"curies":[{"name":"wp","href":"https:\/\/api.w.org\/{rel}","templated":true}]}}