{"id":33305,"date":"2011-01-25T10:35:50","date_gmt":"2011-01-25T14:35:50","guid":{"rendered":"http:\/\/www.redenoticia.com.br\/noticia\/?p=33305"},"modified":"2011-01-25T10:35:50","modified_gmt":"2011-01-25T14:35:50","slug":"cursos-de-capacitacao-em-turismo","status":"publish","type":"post","link":"https:\/\/migracao.redenoticia.com.br\/noticia\/2011\/cursos-de-capacitacao-em-turismo\/33305","title":{"rendered":"Cursos de capacita\u00e7\u00e3o em Turismo"},"content":{"rendered":"<p>Jovens em situa\u00e7\u00e3o de risco social, como explora\u00e7\u00e3o sexual, por exemplo, v\u00e3o ser  selecionados para participar de <strong><em>cursos de capacita\u00e7\u00e3o em Turismo<\/em><\/strong> em todo o  Brasil. As primeiras 200 vagas, para as cidades de Olinda, Abreu e Lima,  Jaboat\u00e3o dos Guararapes e Cabo de Santo Agostinho, no estado de Pernambuco,  est\u00e3o com inscri\u00e7\u00f5es abertas at\u00e9 o dia 31 de janeiro. Outras 920 vagas para  munic\u00edpios de Goi\u00e1s, Maranh\u00e3o e Esp\u00edrito Santo j\u00e1 foram confirmadas para esse  ano.<\/p>\n<p>Podem participar jovens entre 16 e 26 anos, moradores de periferias e\/ou em  situa\u00e7\u00e3o de alta vulnerabilidade social. A sele\u00e7\u00e3o ser\u00e1 feita pelo Instituto WCF  &#8211; Brasil. Os cursos oferecidos s\u00e3o de bartender, auxiliar de cozinha,  gar\u00e7om\/gar\u00e7onete e camareira. As aulas devem come\u00e7ar em 7 de fevereiro e ter\u00e3o  dura\u00e7\u00e3o de seis meses.<\/p>\n<p>As inscri\u00e7\u00f5es podem ser feitas no escrit\u00f3rio da WCF em Recife, localizado na  Ilha do Leite, Rua Capit\u00e3o Jos\u00e9 da Luz, edif\u00edcio Empresarial Joaquim Cardoso, n\u00ba  25, sala 402. Cada munic\u00edpio tem um dia espec\u00edfico para inscri\u00e7\u00f5es, o calend\u00e1rio  est\u00e1 dispon\u00edvel no sitio do Minist\u00e9rio do Turismo.<\/p>\n<p>Mais 920 vagas- Turmas em outros estados j\u00e1 foram confirmadas para este ano,  que beneficiar\u00e3o mais 920 alunos. Em Goi\u00e1s, ser\u00e3o oferecidas 500 vagas em Rio  Quente, Caldas Novas, \u00c1gua Limpa, Morrinhos, Piracanjuba, Marzag\u00e3o, Santa Cruz  de Goi\u00e1s, Buriti Alegre, Corumba\u00edba e Ipameri. No Maranh\u00e3o, 160 jovens da  capital e de Barreirinhas ser\u00e3o selecionados. Em Vit\u00f3ria (ES), 260 alunos  receber\u00e3o forma\u00e7\u00e3o. O per\u00edodo de sele\u00e7\u00e3o nos tr\u00eas estados ainda n\u00e3o foi  definido.<\/p>\n<p>O objetivo \u00e9 prevenir explora\u00e7\u00e3o durante Copa<\/p>\n<p>O projeto Preven\u00e7\u00e3o \u00e0 Explora\u00e7\u00e3o Sexual de Crian\u00e7as e Adolescentes no  Turismo, criado em 2009, tem como objetivo prevenir os casos de explora\u00e7\u00e3o  durante a Copa de 2014 e j\u00e1 envolveu mais de 600 profissionais da cadeia  tur\u00edstica em todo o pa\u00eds. Foram 163 multiplicadores formados nas 27 unidades da  federa\u00e7\u00e3o e 443 profissionais do setor sensibilizados nas 12 cidades-sede, mais  Jo\u00e3o Pessoa.<\/p>\n<p>O objetivo \u00e9 sensibilizar o Pa\u00eds e incentivar a popula\u00e7\u00e3o e os atores do  turismo a agir de forma preventiva e denunciar os casos de explora\u00e7\u00e3o. O  investimento do Minist\u00e9rio do Turismo no projeto \u00e9 de R$ 3,7 milh\u00f5es.<\/p>\n<p>No dia 9 de dezembro de 2010, tamb\u00e9m foi lan\u00e7ada uma campanha de incentivo \u00e0s  den\u00fancias pelo Disque 100, com foco na Copa. Ela \u00e9 voltada principalmente para a  internet, principalmente para as redes sociais. Mais informa\u00e7\u00f5es podem ser  acessadas no endere\u00e7o eletr\u00f4nico <a href=\"http:\/\/www.cet.unb.br\/turismoeinfancia\/procopa\" target=\"_blank\">www.cet.unb.br\/turismoeinfancia\/procopa<\/a>.<\/p>\n","protected":false},"excerpt":{"rendered":"<p>Jovens em situa\u00e7\u00e3o de risco social, como explora\u00e7\u00e3o sexual, por exemplo, v\u00e3o ser selecionados para participar de cursos de capacita\u00e7\u00e3o em Turismo em todo o Brasil. As primeiras 200 vagas, para as cidades de Olinda, Abreu e Lima, Jaboat\u00e3o dos Guararapes e Cabo de Santo Agostinho, no estado de Pernambuco, est\u00e3o com inscri\u00e7\u00f5es abertas at\u00e9 [&hellip;]<\/p>\n","protected":false},"author":3,"featured_media":0,"comment_status":"open","ping_status":"open","sticky":false,"template":"","format":"standard","meta":{"tdm_status":"","tdm_grid_status":"","footnotes":""},"categories":[22,351,370],"tags":[],"class_list":{"0":"post-33305","1":"post","2":"type-post","3":"status-publish","4":"format-standard","6":"category-brasil","7":"category-cursos","8":"category-inscricao"},"_links":{"self":[{"href":"https:\/\/migracao.redenoticia.com.br\/noticia\/wp-json\/wp\/v2\/posts\/33305","targetHints":{"allow":["GET"]}}],"collection":[{"href":"https:\/\/migracao.redenoticia.com.br\/noticia\/wp-json\/wp\/v2\/posts"}],"about":[{"href":"https:\/\/migracao.redenoticia.com.br\/noticia\/wp-json\/wp\/v2\/types\/post"}],"author":[{"embeddable":true,"href":"https:\/\/migracao.redenoticia.com.br\/noticia\/wp-json\/wp\/v2\/users\/3"}],"replies":[{"embeddable":true,"href":"https:\/\/migracao.redenoticia.com.br\/noticia\/wp-json\/wp\/v2\/comments?post=33305"}],"version-history":[{"count":0,"href":"https:\/\/migracao.redenoticia.com.br\/noticia\/wp-json\/wp\/v2\/posts\/33305\/revisions"}],"wp:attachment":[{"href":"https:\/\/migracao.redenoticia.com.br\/noticia\/wp-json\/wp\/v2\/media?parent=33305"}],"wp:term":[{"taxonomy":"category","embeddable":true,"href":"https:\/\/migracao.redenoticia.com.br\/noticia\/wp-json\/wp\/v2\/categories?post=33305"},{"taxonomy":"post_tag","embeddable":true,"href":"https:\/\/migracao.redenoticia.com.br\/noticia\/wp-json\/wp\/v2\/tags?post=33305"}],"curies":[{"name":"wp","href":"https:\/\/api.w.org\/{rel}","templated":true}]}}