{"id":33313,"date":"2011-01-25T11:47:16","date_gmt":"2011-01-25T15:47:16","guid":{"rendered":"http:\/\/www.redenoticia.com.br\/noticia\/?p=33313"},"modified":"2011-01-25T11:47:16","modified_gmt":"2011-01-25T15:47:16","slug":"prouni-ultimo-dia-de-inscricoes","status":"publish","type":"post","link":"https:\/\/migracao.redenoticia.com.br\/noticia\/2011\/prouni-ultimo-dia-de-inscricoes\/33313","title":{"rendered":"ProUni &#8211; \u00faltimo dia de inscri\u00e7\u00f5es"},"content":{"rendered":"<div><strong><em><img loading=\"lazy\" decoding=\"async\" class=\"alignleft size-full wp-image-23011\" title=\"prouni resultado inscricao\" src=\"https:\/\/migracao.redenoticia.com.br\/noticia\/imagens\/prouni-inscricao.jpg\" alt=\"\" width=\"300\" height=\"193\" srcset=\"https:\/\/migracao.redenoticia.com.br\/noticia\/imagens\/prouni-inscricao.jpg 300w, https:\/\/migracao.redenoticia.com.br\/noticia\/imagens\/prouni-inscricao-250x160.jpg 250w, https:\/\/migracao.redenoticia.com.br\/noticia\/imagens\/prouni-inscricao-150x96.jpg 150w\" sizes=\"auto, (max-width: 300px) 100vw, 300px\" \/>ProUni <\/em><\/strong>&#8211; o Programa Universidade para Todos (ProUni)  registrou, at\u00e9 o meio-dia desta ter\u00e7a-feira, 25 (\u00faltimo dia de inscri\u00e7\u00f5es), um  total de 886.594 candidatos inscritos para as 123.170 bolsas de estudo \u2014 80.520  integrais e 42.650 parciais, de 50% da mensalidade \u2014 em aproximadamente 1,5 mil  institui\u00e7\u00f5es de educa\u00e7\u00e3o superior de todo o pa\u00eds. O n\u00famero supera o total do ano  passado, quando foram registrados 822 mil candidatos. O prazo para inscri\u00e7\u00f5es  ser\u00e1 encerrado \u00e0s 23h59. As inscri\u00e7\u00f5es devem ser feitas pela internet, na\u00a0<a href=\"http:\/\/siteprouni.mec.gov.br\/\" target=\"_blank\">p\u00e1gina eletr\u00f4nica<\/a> do ProUni. O candidato precisa informar o n\u00famero de inscri\u00e7\u00e3o e a senha usados no Enem de 2010 e o CPF.\u00a0Ao fim desse per\u00edodo, ser\u00e3o feitas duas chamadas  subsequentes para convoca\u00e7\u00e3o dos candidatos pr\u00e9-selecionados. A primeira, na  sexta-feira, 28.<\/div>\n<div>\nDesde o primeiro dia de inscri\u00e7\u00f5es, o  sistema calcula, durante a madrugada, as notas de corte (nota m\u00ednima) de cada  curso \u2014 podem ser verificadas em car\u00e1ter apenas informativo pelo estudante.  Durante o per\u00edodo em que o sistema estiver aberto para inscri\u00e7\u00f5es, o candidato  pode mudar as op\u00e7\u00f5es a partir da observa\u00e7\u00e3o da nota de corte.<\/p>\n<p>Podem se  candidatar \u00e0s bolsas os estudantes que participaram do Exame Nacional do Ensino  M\u00e9dio (Enem) em 2010 e tenham atingido no m\u00ednimo 400 pontos na m\u00e9dia das cinco  notas (em ci\u00eancias da natureza e suas tecnologias; ci\u00eancias humanas e suas  tecnologias; linguagens, c\u00f3digos e suas tecnologias; matem\u00e1tica e suas  tecnologias e reda\u00e7\u00e3o) e n\u00e3o tenha tirado nota zero na reda\u00e7\u00e3o. Para concorrer \u00e0  bolsa integral, o estudante deve comprovar renda familiar, por pessoa, de at\u00e9 um  sal\u00e1rio m\u00ednimo e meio; para bolsa parcial, renda familiar, por pessoa, de at\u00e9  tr\u00eas sal\u00e1rios m\u00ednimos.<\/p>\n<p>Al\u00e9m de ter feito o Enem 2010 e ter alcan\u00e7ado a  pontua\u00e7\u00e3o m\u00ednima, o candidato deve ter cursado todo o ensino m\u00e9dio em escola  p\u00fablica ou em escola particular, na condi\u00e7\u00e3o de bolsista integral. Professores  da rede p\u00fablica de educa\u00e7\u00e3o b\u00e1sica que concorrem a bolsas em cursos de  licenciatura, normal superior ou de pedagogia n\u00e3o precisam cumprir o crit\u00e9rio de  renda, desde que estejam em efetivo exerc\u00edcio e integrem o quadro permanente da  escola.<\/p><\/div>\n<div>\nAssessoria de Imprensa da <a href=\"http:\/\/portal.mec.gov.br\/index.php?option=com_content&amp;view=article&amp;id=287&amp;Itemid=818\" target=\"_blank\">Sesu<\/a><\/div>\n","protected":false},"excerpt":{"rendered":"<p>ProUni &#8211; o Programa Universidade para Todos (ProUni) registrou, at\u00e9 o meio-dia desta ter\u00e7a-feira, 25 (\u00faltimo dia de inscri\u00e7\u00f5es), um total de 886.594 candidatos inscritos para as 123.170 bolsas de estudo \u2014 80.520 integrais e 42.650 parciais, de 50% da mensalidade \u2014 em aproximadamente 1,5 mil institui\u00e7\u00f5es de educa\u00e7\u00e3o superior de todo o pa\u00eds. O [&hellip;]<\/p>\n","protected":false},"author":3,"featured_media":23011,"comment_status":"open","ping_status":"open","sticky":false,"template":"","format":"standard","meta":{"tdm_status":"","tdm_grid_status":"","footnotes":""},"categories":[22,370,295],"tags":[],"class_list":{"0":"post-33313","1":"post","2":"type-post","3":"status-publish","4":"format-standard","5":"has-post-thumbnail","7":"category-brasil","8":"category-inscricao","9":"category-vestibular"},"_links":{"self":[{"href":"https:\/\/migracao.redenoticia.com.br\/noticia\/wp-json\/wp\/v2\/posts\/33313","targetHints":{"allow":["GET"]}}],"collection":[{"href":"https:\/\/migracao.redenoticia.com.br\/noticia\/wp-json\/wp\/v2\/posts"}],"about":[{"href":"https:\/\/migracao.redenoticia.com.br\/noticia\/wp-json\/wp\/v2\/types\/post"}],"author":[{"embeddable":true,"href":"https:\/\/migracao.redenoticia.com.br\/noticia\/wp-json\/wp\/v2\/users\/3"}],"replies":[{"embeddable":true,"href":"https:\/\/migracao.redenoticia.com.br\/noticia\/wp-json\/wp\/v2\/comments?post=33313"}],"version-history":[{"count":0,"href":"https:\/\/migracao.redenoticia.com.br\/noticia\/wp-json\/wp\/v2\/posts\/33313\/revisions"}],"wp:featuredmedia":[{"embeddable":true,"href":"https:\/\/migracao.redenoticia.com.br\/noticia\/wp-json\/wp\/v2\/media\/23011"}],"wp:attachment":[{"href":"https:\/\/migracao.redenoticia.com.br\/noticia\/wp-json\/wp\/v2\/media?parent=33313"}],"wp:term":[{"taxonomy":"category","embeddable":true,"href":"https:\/\/migracao.redenoticia.com.br\/noticia\/wp-json\/wp\/v2\/categories?post=33313"},{"taxonomy":"post_tag","embeddable":true,"href":"https:\/\/migracao.redenoticia.com.br\/noticia\/wp-json\/wp\/v2\/tags?post=33313"}],"curies":[{"name":"wp","href":"https:\/\/api.w.org\/{rel}","templated":true}]}}