{"id":3340,"date":"2009-06-20T18:25:34","date_gmt":"2009-06-20T22:25:34","guid":{"rendered":"http:\/\/www.redenoticia.com.br\/noticia\/?p=3340"},"modified":"2009-08-30T14:12:49","modified_gmt":"2009-08-30T18:12:49","slug":"disfuncao-eretil","status":"publish","type":"post","link":"https:\/\/migracao.redenoticia.com.br\/noticia\/2009\/disfuncao-eretil\/3340","title":{"rendered":"Disfun\u00e7\u00e3o Er\u00e9til"},"content":{"rendered":"<p><a href=\"https:\/\/migracao.redenoticia.com.br\/noticia\/imagens\/\/disferet.jpg\"><img loading=\"lazy\" decoding=\"async\" class=\"alignleft size-full wp-image-3341\" title=\"disferet\" src=\"https:\/\/migracao.redenoticia.com.br\/noticia\/imagens\/\/disferet.jpg\" alt=\"disferet\" width=\"150\" height=\"113\" \/><\/a>A disfun\u00e7\u00e3o er\u00e9til &#8211; ou impot\u00eancia sexual, como \u00e9 popularmente conhecida &#8212; tem assombrado o p\u00fablico masculino provavelmente desde os tempos dos homens de Neandertal, aqueles que viviam em cavernas. Um estudo iniciado em 2007 e conclu\u00eddo recentemente revela que os problemas de impot\u00eancia est\u00e3o fortemente associados aos dist\u00farbios do sono. Na conclus\u00e3o de sua pesquisa, a Dr\u00aa Monica Levy Andersen revela que a apneia \u00e9 um dos maiores riscos para a disfun\u00e7\u00e3o er\u00e9til, e que na cidade de S\u00e3o Paulo, a quinta maior metr\u00f3pole do mundo, ela atinge mais de 1.700.000 homens.<\/p>\n<p>A pesquisa conduzida por ela traz, al\u00e9m deste n\u00famero surpreendente, inova\u00e7\u00e3o. Ao contr\u00e1rio das anteriores &#8211; realizadas apenas por meio de question\u00e1rios -, ela foi desenvolvida in loco, no laborat\u00f3rio. O trabalho pioneiro com os pacientes fez com que a Dr\u00aa Andersen recebesse o pr\u00eamio de US$ 20 mil da L&#8217;Oreal Unesco para Mulheres na Ci\u00eancia. Em mar\u00e7o deste ano, a cientista apresentou o estudo que vincula a disfun\u00e7\u00e3o er\u00e9til aos problemas com o sono irregular no 29\u00ba Congresso Anual de Apneia do Sono, na Coreia. Ao exibir sua pesquisa no evento realizado pela Sociedade Coreana de Medicina do Sono, a cientista teve a oportunidade de mostrar a seus pares um trabalho que \u00e9 diferente dos outros principalmente pelo ineditismo da metodologia.<\/p>\n<p>Outros estudos j\u00e1 conclu\u00edram que o problema pode ter sua causa em vari\u00e1veis que passam pela diabetes, a baixa taxa de testosterona ou em um acidente vascular cerebral. &#8220;Ao levar as pessoas para dentro do laborat\u00f3rio tivemos a chance de fazer uma an\u00e1lise completa, com exames de sangue, hormonais, otorrinolaringol\u00f3gicos, al\u00e9m de aplicar os habituais question\u00e1rios com perguntas relativas \u00e0 rotina dessas pessoas. \u00c9 a primeira vez que se faz um estudo monitorando de t\u00e3o perto o padr\u00e3o do sono&#8221;, explica a Dr\u00aa Andersen, de 35 anos, que nasceu em An\u00e1polis, Goi\u00e1s, e mora em S\u00e3o Paulo.<\/p>\n<p>Foi no Departamento de Psicobiologia da Universidade Federal de S\u00e3o Paulo (UNIFESP) que ela deu in\u00edcio ao estudo que relaciona a preval\u00eancia da disfun\u00e7\u00e3o er\u00e9til \u00e0s disfun\u00e7\u00f5es do sono. A pesquisa da Dr\u00aa Andersen faz parte do Episono &#8211; estudo populacional sobre dist\u00farbios do sono e seus fatores de risco na cidade de S\u00e3o Paulo. A cidade foi escolhida por ser uma das maiores do mundo, atualmente com mais de dez milh\u00f5es de habitantes. O Episono foi aplicado em 1.042 pessoas, recrutadas ap\u00f3s levantamento do Datafolha, que contou com a colabora\u00e7\u00e3o de dois estat\u00edsticos, ambos professores universit\u00e1rios.<\/p>\n<p>Dos recrutados, foram escolhidos 467 homens, com idade entre 20 e 80 anos, para aplicar a pesquisa. Destes, 17% apresentaram disfun\u00e7\u00e3o er\u00e9til, n\u00famero este representativo da cidade de S\u00e3o Paulo, segundo Monica Andersen. &#8220;Eles foram apanhados nas suas resid\u00eancias duas horas antes de seus hor\u00e1rios habituais de sono. No laborat\u00f3rio, receberam uma refei\u00e7\u00e3o leve e foram submetidos a question\u00e1rios e polissonografias. No dia seguinte, fizeram diversos exames&#8221;, conta a cientista. Segundo ela, o question\u00e1rio continha perguntas como: &#8220;O seu desejo ou interesse sexual \u00e9 menor do que antes?&#8221;, &#8220;Voc\u00ea \u00e9 capaz de manter uma ere\u00e7\u00e3o tempo o bastante para ter rela\u00e7\u00f5es sexuais?&#8221;, &#8220;Voc\u00ea dorme melhor ap\u00f3s ter mantido rela\u00e7\u00f5es sexuais?&#8221;, entre outras abordagens que procuravam saber do pr\u00f3prio paciente a ordem dos problemas sexuais que poderiam estar relacionados com os dist\u00farbios do sono.<\/p>\n<p>Na pesquisa geral, a do Episono, que inclui homens e mulheres, a conclus\u00e3o \u00e9 de que 32,8% da cidade de S\u00e3o Paulo sofre de apneia do sono. Na pesquisa da Dr\u00aa Andersen, restrita aos homens por estar relacionada \u00e0 impot\u00eancia sexual, concluiu-se que os volunt\u00e1rios com idade entre 20 e 30 anos tinham problemas irrelevantes em termos percentuais. Mas 12% dos homens na casa dos 40 aos 49 anos apresentavam disfun\u00e7\u00e3o er\u00e9til; 22% dos que ficavam entre 50 a 59 anos, tamb\u00e9m. E o n\u00famero aumentava entre os mais velhos: acima dos 60 anos, 63% tinham o problema. A raz\u00e3o de tudo: a disfun\u00e7\u00e3o er\u00e9til, normalmente relacionada a in\u00fameros fatores, tinha sua origem em uma noite mal dormida causada pela apneia, a parada respirat\u00f3ria que ocorre durante os v\u00e1rios ciclos do sono.<\/p>\n<p>De acordo com a Dr\u00aa Monica Levy Andersen, a investiga\u00e7\u00e3o sobre o impacto da priva\u00e7\u00e3o de sono sobre o comportamento sexual poder\u00e1 oferecer um maior entendimento sobre essa intera\u00e7\u00e3o, seus mecanismos, al\u00e9m de poder contribuir para uma melhor resposta ao tratamento. Para ela, os apelos do mundo moderno, como a internet, as dezenas de canais a cabo entre outros entretenimentos tamb\u00e9m colaboram para uma altera\u00e7\u00e3o na qualidade de uma noite bem dormida. &#8220;Somos uma sociedade privada do sono&#8221;, alerta a cientista.<\/p>\n<p>Sobre o L&#8221;Or\u00e9al\/Unesco Para Mulheres na Ci\u00eancia<\/p>\n<p>O Programa L&#8221;Or\u00e9al\/Unesco Para Mulheres na CI\u00eancia foi lan\u00e7ado em 1998, fruto de uma parceria entre o Grupo L&#8221;Or\u00e9al e as Organiza\u00e7\u00f5es das Na\u00e7\u00f5es Unidas para Educa\u00e7\u00e3o, Ci\u00eancia e Cultura (Unesco).<\/p>\n<p>A iniciativa \u00e9 dividida em duas premia\u00e7\u00f5es: uma que distingue anualmente, com uma bolsa-aux\u00edlio Grant (US$ 100 mil), cinco not\u00e1veis cientistas, uma por continente; e a outra, que destaca em mais de 40 pa\u00edses sete pesquisadoras em cada um deles. Todas recebem o pr\u00eamio de US$ 20 mil.<\/p>\n<p>CDN Comunica\u00e7\u00e3o Corporativa<\/p>\n","protected":false},"excerpt":{"rendered":"<p>A disfun\u00e7\u00e3o er\u00e9til &#8211; ou impot\u00eancia sexual, como \u00e9 popularmente conhecida &#8212; tem assombrado o p\u00fablico masculino provavelmente desde os tempos dos homens de Neandertal, aqueles que viviam em cavernas. Um estudo iniciado em 2007 e conclu\u00eddo recentemente revela que os problemas de impot\u00eancia est\u00e3o fortemente associados aos dist\u00farbios do sono. Na conclus\u00e3o de sua [&hellip;]<\/p>\n","protected":false},"author":3,"featured_media":0,"comment_status":"open","ping_status":"open","sticky":false,"template":"","format":"standard","meta":{"tdm_status":"","tdm_grid_status":"","footnotes":""},"categories":[5],"tags":[],"class_list":{"0":"post-3340","1":"post","2":"type-post","3":"status-publish","4":"format-standard","6":"category-saude-e-vida"},"_links":{"self":[{"href":"https:\/\/migracao.redenoticia.com.br\/noticia\/wp-json\/wp\/v2\/posts\/3340","targetHints":{"allow":["GET"]}}],"collection":[{"href":"https:\/\/migracao.redenoticia.com.br\/noticia\/wp-json\/wp\/v2\/posts"}],"about":[{"href":"https:\/\/migracao.redenoticia.com.br\/noticia\/wp-json\/wp\/v2\/types\/post"}],"author":[{"embeddable":true,"href":"https:\/\/migracao.redenoticia.com.br\/noticia\/wp-json\/wp\/v2\/users\/3"}],"replies":[{"embeddable":true,"href":"https:\/\/migracao.redenoticia.com.br\/noticia\/wp-json\/wp\/v2\/comments?post=3340"}],"version-history":[{"count":0,"href":"https:\/\/migracao.redenoticia.com.br\/noticia\/wp-json\/wp\/v2\/posts\/3340\/revisions"}],"wp:attachment":[{"href":"https:\/\/migracao.redenoticia.com.br\/noticia\/wp-json\/wp\/v2\/media?parent=3340"}],"wp:term":[{"taxonomy":"category","embeddable":true,"href":"https:\/\/migracao.redenoticia.com.br\/noticia\/wp-json\/wp\/v2\/categories?post=3340"},{"taxonomy":"post_tag","embeddable":true,"href":"https:\/\/migracao.redenoticia.com.br\/noticia\/wp-json\/wp\/v2\/tags?post=3340"}],"curies":[{"name":"wp","href":"https:\/\/api.w.org\/{rel}","templated":true}]}}