{"id":33409,"date":"2011-02-01T09:48:56","date_gmt":"2011-02-01T13:48:56","guid":{"rendered":"http:\/\/www.redenoticia.com.br\/noticia\/?p=33409"},"modified":"2011-02-01T09:48:56","modified_gmt":"2011-02-01T13:48:56","slug":"inscricoes-para-o-bolsa-universidade-sp","status":"publish","type":"post","link":"https:\/\/migracao.redenoticia.com.br\/noticia\/2011\/inscricoes-para-o-bolsa-universidade-sp\/33409","title":{"rendered":"Inscri\u00e7\u00f5es para o Bolsa Universidade SP"},"content":{"rendered":"<p>O Programa <strong><em>Bolsa Universidade<\/em><\/strong>, da Secretaria da  Educa\u00e7\u00e3o SP, ter\u00e1 <strong><em>inscri\u00e7\u00f5es<\/em><\/strong> abertas a partir desta quarta-feira, 2. As vagas s\u00e3o  para estudantes universit\u00e1rios interessados em atuar nos finais de semana como  educadores dentro do Programa Escola da Fam\u00edlia, em escolas p\u00fablicas de todo o  Estado.<\/p>\n<p>Para se candidatar, \u00e9 preciso estar regularmente matriculado em  uma institui\u00e7\u00e3o de ensino superior conveniada \u00e0 Funda\u00e7\u00e3o para o Desenvolvimento  da Educa\u00e7\u00e3o (FDE), n\u00e3o receber outra bolsa, financiamento ou similar proveniente  de recursos p\u00fablicos, e ter disponibilidade para atuar como educador  universit\u00e1rio aos finais de semana.<\/p>\n<p>As inscri\u00e7\u00f5es v\u00e3o at\u00e9 o dia 11 de  fevereiro pelo site\u00a0<a href=\"http:\/\/escoladafamilia.fde.sp.gov.br\/\" target=\"_blank\">http:\/\/escoladafamilia.fde.sp.gov.br<\/a>,  que tamb\u00e9m disp\u00f5e da lista com o nome das institui\u00e7\u00f5es de ensino  conveniadas.<\/p>\n<p>O estudante contemplado receber\u00e1 bolsa integral de seu  curso. A Secretaria arca com 50% do valor da mensalidade (com teto de R$ 267) e  a institui\u00e7\u00e3o de ensino completa o restante do valor.<\/p>\n<p>Outras  informa\u00e7\u00f5es podem ser obtidas com a Central de Atendimento da FDE, pelo telefone  0800 777 0333, ou e-mail: escoladafamilia@fde.sp.gov.br.<\/p>\n<p>Sobre o  Programa Escola da Fam\u00edlia<\/p>\n<p>Desde 2003, o Programa Escola da  Fam\u00edlia aproxima sociedade e escola promovendo a integra\u00e7\u00e3o de estudantes,  crian\u00e7as, jovens, adultos e idosos com um trabalho que sociabiliza, diverte e  educa a popula\u00e7\u00e3o. Por meio do Programa, as unidades escolares da rede p\u00fablica  de S\u00e3o Paulo s\u00e3o abertas aos s\u00e1bados e domingos \u00e0 comunidade local, para  realiza\u00e7\u00e3o de atividades voltadas ao esporte, cultura, sa\u00fade e trabalho (que s\u00e3o  os quatro eixos do programa). As atividades s\u00e3o promovidas com o aux\u00edlio de  profissionais da Educa\u00e7\u00e3o, volunt\u00e1rios e educadores universit\u00e1rios e visam \u00e0  inclus\u00e3o social, tendo como foco o respeito \u00e0 pluralidade e uma pol\u00edtica de  preven\u00e7\u00e3o para melhorar a qualidade de vida.<\/p>\n<p>Secretaria da  Educa\u00e7\u00e3o<\/p>\n","protected":false},"excerpt":{"rendered":"<p>O Programa Bolsa Universidade, da Secretaria da Educa\u00e7\u00e3o SP, ter\u00e1 inscri\u00e7\u00f5es abertas a partir desta quarta-feira, 2. As vagas s\u00e3o para estudantes universit\u00e1rios interessados em atuar nos finais de semana como educadores dentro do Programa Escola da Fam\u00edlia, em escolas p\u00fablicas de todo o Estado. Para se candidatar, \u00e9 preciso estar regularmente matriculado em uma [&hellip;]<\/p>\n","protected":false},"author":3,"featured_media":0,"comment_status":"open","ping_status":"open","sticky":false,"template":"","format":"standard","meta":{"tdm_status":"","tdm_grid_status":"","footnotes":""},"categories":[22,370,353],"tags":[],"class_list":{"0":"post-33409","1":"post","2":"type-post","3":"status-publish","4":"format-standard","6":"category-brasil","7":"category-inscricao","8":"category-oportunidades"},"_links":{"self":[{"href":"https:\/\/migracao.redenoticia.com.br\/noticia\/wp-json\/wp\/v2\/posts\/33409","targetHints":{"allow":["GET"]}}],"collection":[{"href":"https:\/\/migracao.redenoticia.com.br\/noticia\/wp-json\/wp\/v2\/posts"}],"about":[{"href":"https:\/\/migracao.redenoticia.com.br\/noticia\/wp-json\/wp\/v2\/types\/post"}],"author":[{"embeddable":true,"href":"https:\/\/migracao.redenoticia.com.br\/noticia\/wp-json\/wp\/v2\/users\/3"}],"replies":[{"embeddable":true,"href":"https:\/\/migracao.redenoticia.com.br\/noticia\/wp-json\/wp\/v2\/comments?post=33409"}],"version-history":[{"count":0,"href":"https:\/\/migracao.redenoticia.com.br\/noticia\/wp-json\/wp\/v2\/posts\/33409\/revisions"}],"wp:attachment":[{"href":"https:\/\/migracao.redenoticia.com.br\/noticia\/wp-json\/wp\/v2\/media?parent=33409"}],"wp:term":[{"taxonomy":"category","embeddable":true,"href":"https:\/\/migracao.redenoticia.com.br\/noticia\/wp-json\/wp\/v2\/categories?post=33409"},{"taxonomy":"post_tag","embeddable":true,"href":"https:\/\/migracao.redenoticia.com.br\/noticia\/wp-json\/wp\/v2\/tags?post=33409"}],"curies":[{"name":"wp","href":"https:\/\/api.w.org\/{rel}","templated":true}]}}