{"id":33415,"date":"2011-02-01T15:23:31","date_gmt":"2011-02-01T19:23:31","guid":{"rendered":"http:\/\/www.redenoticia.com.br\/noticia\/?p=33415"},"modified":"2011-02-02T11:10:11","modified_gmt":"2011-02-02T15:10:11","slug":"meteorologia-%e2%80%93-previsao-do-tempo-para-esta-quarta-feira-0202","status":"publish","type":"post","link":"https:\/\/migracao.redenoticia.com.br\/noticia\/2011\/meteorologia-%e2%80%93-previsao-do-tempo-para-esta-quarta-feira-0202\/33415","title":{"rendered":"Meteorologia \u2013 previs\u00e3o do tempo para esta quarta-feira 02\/02"},"content":{"rendered":"<p><img loading=\"lazy\" decoding=\"async\" class=\"alignleft size-full wp-image-28409\" title=\"previsao do tempo e temperatura\" src=\"https:\/\/migracao.redenoticia.com.br\/noticia\/imagens\/previsao-do-tempo-e-temperatura.jpg\" alt=\"\" width=\"300\" height=\"193\" srcset=\"https:\/\/migracao.redenoticia.com.br\/noticia\/imagens\/previsao-do-tempo-e-temperatura.jpg 300w, https:\/\/migracao.redenoticia.com.br\/noticia\/imagens\/previsao-do-tempo-e-temperatura-250x160.jpg 250w, https:\/\/migracao.redenoticia.com.br\/noticia\/imagens\/previsao-do-tempo-e-temperatura-150x96.jpg 150w\" sizes=\"auto, (max-width: 300px) 100vw, 300px\" \/><\/p>\n<p>Previs\u00e3o do tempo\u00a0\u2013 a\u00a0<strong><em>meteorologia<\/em><\/strong> divulgou a <strong><em>previs\u00e3o do tempo<\/em><\/strong> e\u00a0<strong><em>temperatura<\/em><\/strong> para esta quarta-feira (02\/02\/11) e informa que os ventos \u00famidos que chegam do mar deixam o c\u00e9u nublado com per\u00edodos de chuva ao longo do dia na faixa leste entre nordeste de SC e extremo sul de SP (Vale do Ribeira). Em alguns pontos dessa \u00e1rea pode chover acima de 50 mm e devido aos transtornos causados no final de semana na regi\u00e3o do Vale do Itaja\u00ed-SC e as chuvas acima da m\u00e9dia nesta \u00e1rea em janeiro, esta \u00e1rea est\u00e1 em aten\u00e7\u00e3o. Segundo a previs\u00e3o do tempo nas demais \u00e1reas de SP (incluindo a capital), do PR, no oeste e centro-norte de SC, extremo sul de MG e Tri\u00e2ngulo Mineiro, tamb\u00e9m esperam-se chuva, em forma de pancadas, e poder\u00e1 ocorrer temporais de forma localizada. Dados da previs\u00e3o do tempo indicam que no sul de SC, as chuvas intensas d\u00e3o uma tr\u00e9gua nesta quarta-feira. Sobre o leste do Nordeste, no ES, centro-norte e leste do RJ e leste e nordeste de MG o sol aparece entre poucas nuvens, apenas na faixa litor\u00e2nea da BA e no leste entre o RN e SE existe uma chance de pancada r\u00e1pida de chuva. No RS, um dia com sol, algumas nuvens no leste do Estado e temperaturas m\u00e1ximas um pouco mais baixas em rela\u00e7\u00e3o aos dias anteriores. A previs\u00e3o do tempo destaca que nas demais \u00e1reas do pa\u00eds, \u00e1reas de instabilidade provocam pancadas de chuva e poder\u00e1 chover forte em alguns pontos. A temperaturas m\u00e1xima sofrer\u00e1 uma queda no leste de SC e PR.<\/p>\n<p>Vale do Para\u00edba \u2013 previs\u00e3o do tempo na quarta-feira (02\/02) persiste a condi\u00e7\u00e3o de tempo nublado e com pancadas de chuva, que poder\u00e3o ocorrer a qualquer hora do dia. As temperaturas estar\u00e3o est\u00e1veis.<\/p>\n<p>Regi\u00e3o Centro-Oeste \u2013 previs\u00e3o do tempo em\u00a002\/02\/2011:\u00a0No sul do MS: nublado com pancadas de chuva isoladas. Nas demais \u00e1reas da regi\u00e3o: sol com varia\u00e7\u00e3o de nuvens e pancadas de chuva isoladas. Temperaturas est\u00e1veis. Temperatura m\u00e1xima: 36C no noroeste de MS. Temperatura m\u00ednima: 16C no DF.<\/p>\n<p>Regi\u00e3o Nordeste \u2013 previs\u00e3o do tempo em\u00a002\/02\/2011:\u00a0No norte e nordeste do CE, no RN e extremo norte da PB, centro-leste e sul da BA: sol e varia\u00e7\u00e3o de nuvens. No extremo litoral leste da BA, leste da PA, PE, AL: sol com varia\u00e7\u00e3o de nuvens e possibilidade de pancadas de chuva. Nas demais \u00e1reas da regi\u00e3o: sol com nebulosidade vari\u00e1vel e com fortes pancadas de chuva isolada. Temperaturas est\u00e1veis. Temperatura m\u00e1xima: 35C no nordeste da BA. Temperatura m\u00ednima: 15C no sul da BA.<\/p>\n<p>Regi\u00e3o Norte \u2013 previs\u00e3o do tempo em\u00a002\/02\/2011:\u00a0No norte e centro-leste de RR: sol com varia\u00e7\u00e3o de nuvens e possibilidade de pancadas de chuva. Nas demais \u00e1reas da regi\u00e3o: sol com varia\u00e7\u00e3o de nuvens e pancadas de chuva isoladas e localmente forte. Temperaturas est\u00e1veis. Temperatura m\u00e1xima: 35C no sudoeste do AM. Temperaturas m\u00ednima: 18C no sudeste do TO.<\/p>\n<p>Regi\u00e3o Sudeste \u2013 previs\u00e3o do tempo em\u00a002\/02\/2011:\u00a0No extremo sul de SP: muitas nuvens e chuva. No extremo oeste e centro-sudeste de MG e no noroeste do RJ: sol com varia\u00e7\u00e3o de nuvens e pancadas de chuva pela manh\u00e3. No centro-norte e extremo nordeste de MG, norte do ES e sul do RJ: sol e varia\u00e7\u00e3o de nuvens. No centro-leste de MG, demais \u00e1reas do ES e no norte do RJ: sol e poucas nuvens. Nas demais \u00e1reas da regi\u00e3o: sol com varia\u00e7\u00e3o de nuvens e fortes pancadas de chuva. Temperaturas est\u00e1veis. Temperatura m\u00e1xima: 34C no oeste de SP. Temperatura m\u00ednima: 15C no sul de MG.<\/p>\n<p>Regi\u00e3o Sul \u2013 previs\u00e3o do tempo em\u00a002\/02\/2011:\u00a0No leste do PR e nordeste de SC: muitas nuvens e chuva. No sul de SC: chuvas isoladas. No sudeste de SC: inst\u00e1vel, com poucas aberturas de sol e chuva. No extremo nordeste do RS: sol e varia\u00e7\u00e3o de nuvens. No nordeste e leste do RS: sol e poucas nuvens. No norte do PR: sol com varia\u00e7\u00e3o de nuvens e pancadas de chuva isoladas. No centro-oeste e sudoeste do RS: predom\u00ednio de sol. Nas demais \u00e1reas da Regi\u00e3o: nublado com pancadas de chuva. Temperaturas est\u00e1veis. Temperatura m\u00e1xima: 34C no noroeste do PR. Temperatura m\u00ednima: 15C nas \u00e1reas de serra.<\/p>\n<p>Previs\u00e3o do tempo e temperatura CPTEC<\/p>\n","protected":false},"excerpt":{"rendered":"<p>Previs\u00e3o do tempo\u00a0\u2013 a\u00a0meteorologia divulgou a previs\u00e3o do tempo e\u00a0temperatura para esta quarta-feira (02\/02\/11) e informa que os ventos \u00famidos que chegam do mar deixam o c\u00e9u nublado com per\u00edodos de chuva ao longo do dia na faixa leste entre nordeste de SC e extremo sul de SP (Vale do Ribeira). Em alguns pontos dessa [&hellip;]<\/p>\n","protected":false},"author":3,"featured_media":28409,"comment_status":"open","ping_status":"open","sticky":false,"template":"","format":"standard","meta":{"tdm_status":"","tdm_grid_status":"","footnotes":""},"categories":[22],"tags":[],"class_list":{"0":"post-33415","1":"post","2":"type-post","3":"status-publish","4":"format-standard","5":"has-post-thumbnail","7":"category-brasil"},"_links":{"self":[{"href":"https:\/\/migracao.redenoticia.com.br\/noticia\/wp-json\/wp\/v2\/posts\/33415","targetHints":{"allow":["GET"]}}],"collection":[{"href":"https:\/\/migracao.redenoticia.com.br\/noticia\/wp-json\/wp\/v2\/posts"}],"about":[{"href":"https:\/\/migracao.redenoticia.com.br\/noticia\/wp-json\/wp\/v2\/types\/post"}],"author":[{"embeddable":true,"href":"https:\/\/migracao.redenoticia.com.br\/noticia\/wp-json\/wp\/v2\/users\/3"}],"replies":[{"embeddable":true,"href":"https:\/\/migracao.redenoticia.com.br\/noticia\/wp-json\/wp\/v2\/comments?post=33415"}],"version-history":[{"count":0,"href":"https:\/\/migracao.redenoticia.com.br\/noticia\/wp-json\/wp\/v2\/posts\/33415\/revisions"}],"wp:featuredmedia":[{"embeddable":true,"href":"https:\/\/migracao.redenoticia.com.br\/noticia\/wp-json\/wp\/v2\/media\/28409"}],"wp:attachment":[{"href":"https:\/\/migracao.redenoticia.com.br\/noticia\/wp-json\/wp\/v2\/media?parent=33415"}],"wp:term":[{"taxonomy":"category","embeddable":true,"href":"https:\/\/migracao.redenoticia.com.br\/noticia\/wp-json\/wp\/v2\/categories?post=33415"},{"taxonomy":"post_tag","embeddable":true,"href":"https:\/\/migracao.redenoticia.com.br\/noticia\/wp-json\/wp\/v2\/tags?post=33415"}],"curies":[{"name":"wp","href":"https:\/\/api.w.org\/{rel}","templated":true}]}}