{"id":33426,"date":"2011-02-02T15:27:43","date_gmt":"2011-02-02T19:27:43","guid":{"rendered":"http:\/\/www.redenoticia.com.br\/noticia\/?p=33426"},"modified":"2011-02-02T15:27:43","modified_gmt":"2011-02-02T19:27:43","slug":"banda-larga-chega-a-91-das-escolas-publicas-urbanas","status":"publish","type":"post","link":"https:\/\/migracao.redenoticia.com.br\/noticia\/2011\/banda-larga-chega-a-91-das-escolas-publicas-urbanas\/33426","title":{"rendered":"Banda larga chega a 91% das escolas p\u00fablicas urbanas"},"content":{"rendered":"<p>O Programa <strong><em>Banda Larga nas Escolas<\/em><\/strong> (PBLE) oferece conex\u00e3o gratuita \u00e0 internet  a 91,6% das escolas p\u00fablicas urbanas do Brasil. At\u00e9 31 de dezembro de 2010,  57.586 institui\u00e7\u00f5es de ensino contavam com a conex\u00e3o em banda larga, de acordo  com o \u00faltimo balan\u00e7o divulgado pela Ag\u00eancia Nacional de Telecomunica\u00e7\u00f5es  (Anatel). A meta \u00e9 que o projeto atenda todas as 62.864 escolas at\u00e9 o fim deste  ano. O programa \u00e9 uma parceria do Minist\u00e9rio das Comunica\u00e7\u00f5es, Minist\u00e9rio da  Educa\u00e7\u00e3o (MEC), Anatel e operadoras de telefonia.<\/p>\n<p>O levantamento revela que S\u00e3o Paulo \u00e9 o estado com o maior n\u00famero de escolas  beneficiadas: 7.099 unidades. Em seguida v\u00eam Minas Gerais (6.839), Bahia  (5.645), Rio de Janeiro (4.847) e Paran\u00e1 (3.836). Durante todo o ano passado,  foi garantida internet gratuita a 14.588 institui\u00e7\u00f5es federais, estaduais e  municipais situadas em zona urbana.<\/p>\n<p>At\u00e9 o fim de 2011, as 5.278 escolas p\u00fablicas urbanas que ainda n\u00e3o possuem  banda larga dever\u00e3o ser contempladas, devido a um acordo feito entre a Anatel e  as teles. Outras institui\u00e7\u00f5es de ensino que vierem a surgir nos pr\u00f3ximos anos  tamb\u00e9m dever\u00e3o receber internet, j\u00e1 que a vig\u00eancia do programa vai at\u00e9 2025, com  compromisso de amplia\u00e7\u00e3o peri\u00f3dica da velocidade de conex\u00e3o.<\/p>\n<p>O PBLE \u00e9 resultado de uma mudan\u00e7a no Plano Geral de Metas para a  Universaliza\u00e7\u00e3o (PGMU) do Servi\u00e7o Telef\u00f4nico Fixo Comutado (STFC), que passou a  estabelecer obriga\u00e7\u00f5es a serem cumpridas pelas concession\u00e1rias de telefonia  fixa.<\/p>\n<p>Um decreto de 2008 trocou a obriga\u00e7\u00e3o de instalar Postos de Servi\u00e7os de  Telecomunica\u00e7\u00f5es (PSTs) em \u00e1reas urbanas pelo compromisso de levar aos  munic\u00edpios o chamado backhaul, que \u00e9 a infraestrutura de rede para conex\u00e3o em  banda larga. Um aditivo estabeleceu o compromisso das empresas de levar a  conex\u00e3o at\u00e9 as escolas, sem \u00f4nus para a Uni\u00e3o.<\/p>\n<p>Uma revis\u00e3o feita pelo MEC no ano passado reduziu o n\u00famero total de escolas  urbanas do Pa\u00eds de 64.879 para 62.864. Isso porque algumas institui\u00e7\u00f5es deixaram  de oferecer ensino fundamental ou m\u00e9dio e passaram a ter outra destina\u00e7\u00e3o, al\u00e9m  de casos de escolas que foram desativadas.<\/p>\n<p>Brasil e Argentina assinam acordo para massificar acesso \u00e0 internet<\/p>\n<p>O Plano de A\u00e7\u00e3o Conjunta entre os governos do Brasil e da Argentina, assinado  na segunda-feira (31), tem como objetivo a coopera\u00e7\u00e3o bilateral para a  massifica\u00e7\u00e3o do acesso \u00e0 internet em banda larga, no per\u00edodo 2011-2015, nos dois  pa\u00edses. O acordo surgiu ap\u00f3s os governos terem percebido a similaridade entre o  Plano Nacional de Banda Larga do Brasil e o Plano Nacional de Telecomunica\u00e7\u00f5es  Argentina Conectada.<\/p>\n<p>Segundo os termos do acordo, Brasil e Argentina destacam que o objetivo das  pol\u00edticas de telecomunica\u00e7\u00f5es nos dois pa\u00edses \u00e9 a massifica\u00e7\u00e3o do acesso \u00e0  internet por meio da amplia\u00e7\u00e3o da disponibilidade e melhoria na qualidade de  conex\u00e3o. Uma das metas \u00e9 promover o interc\u00e2mbio de experi\u00eancias em \u00e1reas de  interesse m\u00fatuo, mas os custos relacionados \u00e0s suas atividades ficam a cargo de  cada pa\u00eds.<\/p>\n<p>Est\u00e1 prevista ainda a cria\u00e7\u00e3o de um Conselho de Alto N\u00edvel que ser\u00e1  integrado, do lado brasileiro, pelo Minist\u00e9rio das Comunica\u00e7\u00f5es e do lado  argentino, pelo Minist\u00e9rio do Planejamento Federal, Investimento P\u00fablico e  Servi\u00e7os e pela Comiss\u00e3o de Planejamento e Coordena\u00e7\u00e3o Estrat\u00e9gica do Plano  Nacional de Telecomunica\u00e7\u00f5es Argentina Conectada. Detalhes das propostas do  acordo bilateral podem ser acessados na p\u00e1gina eletr\u00f4nica do Minist\u00e9rio das  Comunica\u00e7\u00f5es (<a href=\"http:\/\/www.mc.gov.br\/\" target=\"_blank\">www.mc.gov.br<\/a>)<\/p>\n","protected":false},"excerpt":{"rendered":"<p>O Programa Banda Larga nas Escolas (PBLE) oferece conex\u00e3o gratuita \u00e0 internet a 91,6% das escolas p\u00fablicas urbanas do Brasil. At\u00e9 31 de dezembro de 2010, 57.586 institui\u00e7\u00f5es de ensino contavam com a conex\u00e3o em banda larga, de acordo com o \u00faltimo balan\u00e7o divulgado pela Ag\u00eancia Nacional de Telecomunica\u00e7\u00f5es (Anatel). A meta \u00e9 que o [&hellip;]<\/p>\n","protected":false},"author":3,"featured_media":0,"comment_status":"open","ping_status":"open","sticky":false,"template":"","format":"standard","meta":{"tdm_status":"","tdm_grid_status":"","footnotes":""},"categories":[22],"tags":[],"class_list":{"0":"post-33426","1":"post","2":"type-post","3":"status-publish","4":"format-standard","6":"category-brasil"},"_links":{"self":[{"href":"https:\/\/migracao.redenoticia.com.br\/noticia\/wp-json\/wp\/v2\/posts\/33426","targetHints":{"allow":["GET"]}}],"collection":[{"href":"https:\/\/migracao.redenoticia.com.br\/noticia\/wp-json\/wp\/v2\/posts"}],"about":[{"href":"https:\/\/migracao.redenoticia.com.br\/noticia\/wp-json\/wp\/v2\/types\/post"}],"author":[{"embeddable":true,"href":"https:\/\/migracao.redenoticia.com.br\/noticia\/wp-json\/wp\/v2\/users\/3"}],"replies":[{"embeddable":true,"href":"https:\/\/migracao.redenoticia.com.br\/noticia\/wp-json\/wp\/v2\/comments?post=33426"}],"version-history":[{"count":0,"href":"https:\/\/migracao.redenoticia.com.br\/noticia\/wp-json\/wp\/v2\/posts\/33426\/revisions"}],"wp:attachment":[{"href":"https:\/\/migracao.redenoticia.com.br\/noticia\/wp-json\/wp\/v2\/media?parent=33426"}],"wp:term":[{"taxonomy":"category","embeddable":true,"href":"https:\/\/migracao.redenoticia.com.br\/noticia\/wp-json\/wp\/v2\/categories?post=33426"},{"taxonomy":"post_tag","embeddable":true,"href":"https:\/\/migracao.redenoticia.com.br\/noticia\/wp-json\/wp\/v2\/tags?post=33426"}],"curies":[{"name":"wp","href":"https:\/\/api.w.org\/{rel}","templated":true}]}}