{"id":33439,"date":"2011-02-03T13:04:08","date_gmt":"2011-02-03T17:04:08","guid":{"rendered":"http:\/\/www.redenoticia.com.br\/noticia\/?p=33439"},"modified":"2011-02-03T13:04:08","modified_gmt":"2011-02-03T17:04:08","slug":"porto-seguro-inscricoes-para-estagio-ate-2102","status":"publish","type":"post","link":"https:\/\/migracao.redenoticia.com.br\/noticia\/2011\/porto-seguro-inscricoes-para-estagio-ate-2102\/33439","title":{"rendered":"Porto Seguro: inscri\u00e7\u00f5es para Est\u00e1gio at\u00e9 21\/02"},"content":{"rendered":"<p>A Porto Seguro abre inscri\u00e7\u00f5es para o <strong><em>Programa de  Est\u00e1gio 2011<\/em><\/strong>. Universit\u00e1rios de cursos  nas \u00e1reas de Exatas e Humanas (confira rela\u00e7\u00e3o completa abaixo) com conclus\u00e3o  prevista para entre dezembro de 2012 e julho de 2013 podem inscrever-se at\u00e9 21  de fevereiro pelo site <a href=\"http:\/\/www.portoseguro.com.br\/estagio\" target=\"_blank\">www.portoseguro.com.br\/estagio<\/a>. Ao todo, s\u00e3o 26 vagas,  todas para o complexo Matriz da Corpora\u00e7\u00e3o, na regi\u00e3o central de S\u00e3o Paulo. A  dura\u00e7\u00e3o do est\u00e1gio ser\u00e1 de 18 a 24 meses.<\/p>\n<p>\u201cO objetivo do Programa de Est\u00e1gio \u00e9 desenvolver jovens talentos e formar  profissionais alinhados \u00e0 cultura e neg\u00f3cios da Companhia, para atuar de forma  diferenciada nas diversas \u00e1reas da Corpora\u00e7\u00e3o\u201d, explica Sonia Rica, diretora de  Recursos Humanos da Porto Seguro. \u201cEssa, ali\u00e1s, \u00e9 uma caracter\u00edstica que se  destaca em nosso Programa. O estagi\u00e1rio vivencia a realidade dos diferentes  setores da empresa, agregando experi\u00eancias que v\u00e3o al\u00e9m de sua \u00e1rea de  forma\u00e7\u00e3o\u201d, completa. Durante o est\u00e1gio, os estudantes desenvolvem um Projeto  Desafio e participam de um Programa de Forma\u00e7\u00e3o, Processo de Avalia\u00e7\u00e3o e  Acompanhamento.<\/p>\n<p>Premissas:<br \/>\n\u2022 Conclus\u00e3o da forma\u00e7\u00e3o superior entre dezembro de 2012 e  julho de 2013;<br \/>\n\u2022 Estar cursando: Administra\u00e7\u00e3o de Empresas; Administra\u00e7\u00e3o  Financeira; Comunica\u00e7\u00e3o; Direito; &#8211; Marketing; Publicidade e Propaganda;  Ci\u00eancias Atuariais; Ci\u00eancias da Computa\u00e7\u00e3o; Ci\u00eancias Cont\u00e1beis; Economia;  Engenharias: Civil; da Computa\u00e7\u00e3o; de Controle e Automa\u00e7\u00e3o; Industrial;  Mec\u00e2nica; de Produ\u00e7\u00e3o e El\u00e9trica; Eletr\u00f4nica; Estat\u00edstica; Gest\u00e3o em Log\u00edstica;  Matem\u00e1tica; Mecatr\u00f4nica; e Gest\u00e3o Ambiental;<br \/>\n\u2022 Conhecimentos em Ingl\u00eas, a  partir do n\u00edvel Intermedi\u00e1rio;<br \/>\n\u2022 Desej\u00e1vel: bons conhecimentos em  Inform\u00e1tica;<br \/>\n\u2022 Disponibilidade de 20 ou 30 horas semanais para  estagiar.<br \/>\nEtapas da sele\u00e7\u00e3o:<br \/>\n\u2022 Inscri\u00e7\u00f5es on-line;<br \/>\n\u2022 Testes on-line de  Ingl\u00eas e Racioc\u00ednio L\u00f3gico;<br \/>\n\u2022 Din\u00e2mica de grupo e reda\u00e7\u00e3o;<br \/>\n\u2022 Entrevista  individual;<br \/>\n\u2022 In\u00edcio do est\u00e1gio.<\/p>\n<p>Benef\u00edcios:<\/p>\n<p>Bolsa-aux\u00edlio de R$ 11,34\/hora;<br \/>\n\u2022 Vale-refei\u00e7\u00e3o;<br \/>\n\u2022  Aux\u00edlio-transporte;<br \/>\n\u2022 F\u00e9rias;<br \/>\n\u2022 Seguro Sa\u00fade;<br \/>\n\u2022 Seguro de Vida.<\/p>\n<p>Servi\u00e7o:<br \/>\nPorto Seguro &#8211; Programa de Est\u00e1gio 2011<br \/>\nInscri\u00e7\u00f5es abertas at\u00e9  21 de fevereiro<br \/>\n<a href=\"http:\/\/www.portoseguro.com.br\/estagio\" target=\"_blank\">www.portoseguro.com.br\/estagio <\/a><\/p>\n","protected":false},"excerpt":{"rendered":"<p>A Porto Seguro abre inscri\u00e7\u00f5es para o Programa de Est\u00e1gio 2011. Universit\u00e1rios de cursos nas \u00e1reas de Exatas e Humanas (confira rela\u00e7\u00e3o completa abaixo) com conclus\u00e3o prevista para entre dezembro de 2012 e julho de 2013 podem inscrever-se at\u00e9 21 de fevereiro pelo site www.portoseguro.com.br\/estagio. Ao todo, s\u00e3o 26 vagas, todas para o complexo Matriz [&hellip;]<\/p>\n","protected":false},"author":3,"featured_media":0,"comment_status":"open","ping_status":"open","sticky":false,"template":"","format":"standard","meta":{"tdm_status":"","tdm_grid_status":"","footnotes":""},"categories":[22,370,353],"tags":[],"class_list":{"0":"post-33439","1":"post","2":"type-post","3":"status-publish","4":"format-standard","6":"category-brasil","7":"category-inscricao","8":"category-oportunidades"},"_links":{"self":[{"href":"https:\/\/migracao.redenoticia.com.br\/noticia\/wp-json\/wp\/v2\/posts\/33439","targetHints":{"allow":["GET"]}}],"collection":[{"href":"https:\/\/migracao.redenoticia.com.br\/noticia\/wp-json\/wp\/v2\/posts"}],"about":[{"href":"https:\/\/migracao.redenoticia.com.br\/noticia\/wp-json\/wp\/v2\/types\/post"}],"author":[{"embeddable":true,"href":"https:\/\/migracao.redenoticia.com.br\/noticia\/wp-json\/wp\/v2\/users\/3"}],"replies":[{"embeddable":true,"href":"https:\/\/migracao.redenoticia.com.br\/noticia\/wp-json\/wp\/v2\/comments?post=33439"}],"version-history":[{"count":0,"href":"https:\/\/migracao.redenoticia.com.br\/noticia\/wp-json\/wp\/v2\/posts\/33439\/revisions"}],"wp:attachment":[{"href":"https:\/\/migracao.redenoticia.com.br\/noticia\/wp-json\/wp\/v2\/media?parent=33439"}],"wp:term":[{"taxonomy":"category","embeddable":true,"href":"https:\/\/migracao.redenoticia.com.br\/noticia\/wp-json\/wp\/v2\/categories?post=33439"},{"taxonomy":"post_tag","embeddable":true,"href":"https:\/\/migracao.redenoticia.com.br\/noticia\/wp-json\/wp\/v2\/tags?post=33439"}],"curies":[{"name":"wp","href":"https:\/\/api.w.org\/{rel}","templated":true}]}}