{"id":33440,"date":"2011-02-03T13:11:35","date_gmt":"2011-02-03T17:11:35","guid":{"rendered":"http:\/\/www.redenoticia.com.br\/noticia\/?p=33440"},"modified":"2011-02-03T13:15:25","modified_gmt":"2011-02-03T17:15:25","slug":"saude-nao-tem-preco-inicia-distribuicao-de-remedios-gratuitos","status":"publish","type":"post","link":"https:\/\/migracao.redenoticia.com.br\/noticia\/2011\/saude-nao-tem-preco-inicia-distribuicao-de-remedios-gratuitos\/33440","title":{"rendered":"\u201cSa\u00fade N\u00e3o Tem Pre\u00e7o\u201d inicia distribui\u00e7\u00e3o de rem\u00e9dios gratuitos"},"content":{"rendered":"<p>A rede de farm\u00e1cias e drogarias conveniadas \u00e0 rede Aqui Tem <strong><em>Farm\u00e1cia Popular<\/em><\/strong> come\u00e7a a oferecer, a partir desta quinta-feira (3), <strong><em>medicamentos gratuitos<\/em><\/strong> para o tratamento de hipertens\u00e3o e diabetes. O an\u00fancio foi realizado pela presidenta da Rep\u00fablica, Dilma Rousseff, e o ministro da Sa\u00fade, Alexandre Padilha. At\u00e9 o dia 14 deste m\u00eas, todos os 15.069 estabelecimentos credenciados j\u00e1 ter\u00e3o aderido plenamente ao programa, ap\u00f3s conclu\u00edrem a adapta\u00e7\u00e3o dos sistemas de vendas (confira a tabela dos princ\u00edpios ativos no site <a href=\"http:\/\/www.saude.gov.br\" target=\"_blank\">www.saude.gov.br<\/a>)<\/p>\n<p>\u201cCuidar da sa\u00fade de uma sociedade est\u00e1 entre as obriga\u00e7\u00f5es intransfer\u00edveis de um Estado democr\u00e1tico, comprometido com a justi\u00e7a social e o bem-estar das fam\u00edlias\u201d, disse a presidenta Dilma Rousseff, durante a solenidade de lan\u00e7amento do programa.<\/p>\n<p>A presidenta Dilma destacou que os medicamentos s\u00e3o o item de maior peso no bolso das fam\u00edlias mais humildes: 12% da renda da popula\u00e7\u00e3o mais pobre s\u00e3o gastos com rem\u00e9dios, contra 1,7% no caso das faixas de maior poder aquisitivo. \u201cN\u00e3o pod\u00edamos admitir que este \u00f4nus de origem social colocasse em risco a vida de portadores pobres de disfun\u00e7\u00f5es para as quais a medicina j\u00e1 tem tratamento seguro e garantido\u201d, enfatizou.<\/p>\n<p>A oferta de medicamentos gratuitos na rede Aqui Tem Farm\u00e1cia Popular foi normatizada por portaria do Minist\u00e9rio da Sa\u00fade e viabilizada por acordo com sete entidades da ind\u00fastria e do com\u00e9rcio farmac\u00eautico (Associa\u00e7\u00e3o da Ind\u00fastria Farmac\u00eautica de Pesquisa \u2013 Interfarma; Associa\u00e7\u00e3o dos Laborat\u00f3rios Farmac\u00eauticos Nacionais \u2013 Alanac; Associa\u00e7\u00e3o Brasileira das Ind\u00fastrias de Medicamentos &#8211; Pr\u00f3-Gen\u00e9ricos; Sindicato das Ind\u00fastrias de Produtos Farmac\u00eauticos do Estado de S\u00e3o Paulo \u2013 Sindusfarma; Associa\u00e7\u00e3o Brasileira de Redes de Farm\u00e1cia e Drogarias \u2013 Abrafarma; Associa\u00e7\u00e3o Brasileira do Com\u00e9rcio Farmac\u00eautico \u2013 Abcfarma; Federa\u00e7\u00e3o Brasileira da s Redes Associativistas de Farm\u00e1cias \u2013 Febrafar).<\/p>\n<p>\u201cPelo acordo, o Minist\u00e9rio se compromete a ampliar a oferta de medicamentos pelo programa e o setor produtivo a reduzir sua margem de lucro sobre cada medicamento, para que o usu\u00e1rio o leve para a casa sem nenhum custo\u201d, explicou o ministro Alexandre Padilha.<\/p>\n<p>O impacto no or\u00e7amento do Aqui Tem Farm\u00e1cia Popular ser\u00e1 acompanhado e mensurado pelo minist\u00e9rio com base nas informa\u00e7\u00f5es do sistema de gerenciamento do programa. A expectativa \u00e9 que o acesso da popula\u00e7\u00e3o aos medicamentos oferecidos gratuitamente cres\u00e7a substancialmente.<\/p>\n<p>TRANSPAR\u00caNCIA E CONTROLE \u2013 No lan\u00e7amento do Sa\u00fade N\u00e3o Tem Pre\u00e7o, o ministro Alexandre Padilha anunciou o fortalecimento dos mecanismos de controle e transpar\u00eancia da rede Aqui Tem Farm\u00e1cia Popular: blindagem eletr\u00f4nica das transa\u00e7\u00f5es, que repele tentativas de viola\u00e7\u00f5es \u00e0 privacidade do cliente ou usu\u00e1rio dos servi\u00e7os; implanta\u00e7\u00e3o de um cupom vinculado, que conter\u00e1 informa\u00e7\u00f5es detalhadas sobre o comprador, o estabelecimento e o m\u00e9dico que prescreveu aquele medicamento; cria\u00e7\u00e3o de um cadastro de vendedores, com controle do acesso de todos os atendentes das empresas credenciadas; e cruzamento com o Sistema de \u00d3bito do Minist\u00e9rio da Previd\u00eancia (SISOBI), excluindo indiv\u00edduos regis trados como falecidos que estejam relacionados \u00e0s vendas realizadas. \u201cEstamos ampliando a atua\u00e7\u00e3o de fiscaliza\u00e7\u00e3o e auditoria do Denasus (Departamento Nacional de Auditoria do SUS)\u201d, acrescentou o ministro Padilha.<\/p>\n<p>ABRANG\u00caNCIA \u2013 O Aqui Tem Farm\u00e1cia Popular atualmente beneficia cerca de 1,3 milh\u00e3o de brasileiros por m\u00eas. Destes, aproximadamente 660 mil s\u00e3o hipertensos e 300 mil, diab\u00e9ticos. O programa \u00e9 desenvolvido pelo governo federal em parceria com a rede privada de farm\u00e1cias e drogarias, que se credenciam espontaneamente ao firmarem conv\u00eanio com o Minist\u00e9rio da Sa\u00fade.<\/p>\n<p>Com exce\u00e7\u00e3o dos medicamentos para diabetes e hipertens\u00e3o \u2013 que a partir de agora passam a ser gratuitos \u2013 o governo federal financia 90% do valor de refer\u00eancia dos medicamentos no Aqui Tem Farm\u00e1cia Popular, cujo or\u00e7amento para 2011 \u00e9 de R$ 470 milh\u00f5es.<\/p>\n<p>Pelo programa, a popula\u00e7\u00e3o tem acesso a 24 tipos de medicamentos para hipertens\u00e3o, diabetes e mais cinco doen\u00e7as (asma, rinite, mal de Parkinson, osteoporose e glaucoma), al\u00e9m de fraldas geri\u00e1tricas. \u00c9 necess\u00e1rio que o usu\u00e1rio apresente CPF, documento com foto e receita m\u00e9dica, exigida para evitar a automedica\u00e7\u00e3o.<\/p>\n<p>O PROGRAMA \u2013 O Farm\u00e1cia Popular foi criado em 2004, com unidades pr\u00f3prias\/institucionais conhecidas como Farm\u00e1cia Popular do Brasil, para oferecer \u00e0 popula\u00e7\u00e3o mais uma forma de acesso a medicamentos, al\u00e9m dos cerca de 560 tipos oferecidos gratuitamente nas unidades p\u00fablicas de sa\u00fade. Em 2006, a estrat\u00e9gia foi estendida \u00e0 rede privada, recebendo a denomina\u00e7\u00e3o \u201cAqui Tem Farm\u00e1cia Popular\u201d. Atualmente, essa modalidade do programa \u00e9 desenvolvida em mais de 2,5 mil munic\u00edpios.<\/p>\n<p>AS DOEN\u00c7AS \u2013 No Brasil, a hipertens\u00e3o arterial \u00e9 diagnosticada em cerca de 33 milh\u00f5es de brasileiros. Destes, 80% \u2013 ou aproximadamente 22,6 milh\u00f5es de hipertensos \u2013 s\u00e3o atendidos na rede p\u00fablica de sa\u00fade. Entre os 7,5 milh\u00f5es de diab\u00e9ticos diagnosticados no pa\u00eds, seis milh\u00f5es (80% do total) recebem assist\u00eancia no SUS.<\/p>\n<p>O aumento da preval\u00eancia de hipertens\u00e3o, diabetes e obesidade \u2013 tamb\u00e9m conhecidas como \u201cepidemia do s\u00e9culo\u201d \u2013 \u00e9 atribu\u00eddo a padr\u00f5es alimentares e de qualidade de vida, fortemente associados \u00e0 m\u00e1 alimenta\u00e7\u00e3o, falta de atividade f\u00edsica e ao estresse. O envelhecimento da popula\u00e7\u00e3o tamb\u00e9m contribui com o aumento da preval\u00eancia dessas doen\u00e7as. Fatores gen\u00e9ticos devem ser considerados.<\/p>\n","protected":false},"excerpt":{"rendered":"<p>A rede de farm\u00e1cias e drogarias conveniadas \u00e0 rede Aqui Tem Farm\u00e1cia Popular come\u00e7a a oferecer, a partir desta quinta-feira (3), medicamentos gratuitos para o tratamento de hipertens\u00e3o e diabetes. O an\u00fancio foi realizado pela presidenta da Rep\u00fablica, Dilma Rousseff, e o ministro da Sa\u00fade, Alexandre Padilha. At\u00e9 o dia 14 deste m\u00eas, todos os [&hellip;]<\/p>\n","protected":false},"author":3,"featured_media":0,"comment_status":"open","ping_status":"open","sticky":false,"template":"","format":"standard","meta":{"tdm_status":"","tdm_grid_status":"","footnotes":""},"categories":[22,5],"tags":[],"class_list":{"0":"post-33440","1":"post","2":"type-post","3":"status-publish","4":"format-standard","6":"category-brasil","7":"category-saude-e-vida"},"_links":{"self":[{"href":"https:\/\/migracao.redenoticia.com.br\/noticia\/wp-json\/wp\/v2\/posts\/33440","targetHints":{"allow":["GET"]}}],"collection":[{"href":"https:\/\/migracao.redenoticia.com.br\/noticia\/wp-json\/wp\/v2\/posts"}],"about":[{"href":"https:\/\/migracao.redenoticia.com.br\/noticia\/wp-json\/wp\/v2\/types\/post"}],"author":[{"embeddable":true,"href":"https:\/\/migracao.redenoticia.com.br\/noticia\/wp-json\/wp\/v2\/users\/3"}],"replies":[{"embeddable":true,"href":"https:\/\/migracao.redenoticia.com.br\/noticia\/wp-json\/wp\/v2\/comments?post=33440"}],"version-history":[{"count":0,"href":"https:\/\/migracao.redenoticia.com.br\/noticia\/wp-json\/wp\/v2\/posts\/33440\/revisions"}],"wp:attachment":[{"href":"https:\/\/migracao.redenoticia.com.br\/noticia\/wp-json\/wp\/v2\/media?parent=33440"}],"wp:term":[{"taxonomy":"category","embeddable":true,"href":"https:\/\/migracao.redenoticia.com.br\/noticia\/wp-json\/wp\/v2\/categories?post=33440"},{"taxonomy":"post_tag","embeddable":true,"href":"https:\/\/migracao.redenoticia.com.br\/noticia\/wp-json\/wp\/v2\/tags?post=33440"}],"curies":[{"name":"wp","href":"https:\/\/api.w.org\/{rel}","templated":true}]}}