{"id":33447,"date":"2011-02-04T08:10:01","date_gmt":"2011-02-04T12:10:01","guid":{"rendered":"http:\/\/www.redenoticia.com.br\/noticia\/?p=33447"},"modified":"2018-08-13T10:34:35","modified_gmt":"2018-08-13T13:34:35","slug":"prova-do-frango-votacao-para-lideranca-bbb-11","status":"publish","type":"post","link":"https:\/\/migracao.redenoticia.com.br\/noticia\/2011\/prova-do-frango-votacao-para-lideranca-bbb-11\/33447","title":{"rendered":"Prova do Frango &#8211; Jaqueline assume lideran\u00e7a BBB 11"},"content":{"rendered":"<p><strong><em><img loading=\"lazy\" decoding=\"async\" class=\"alignleft size-full wp-image-22134\" title=\"BBB 11 Rede Globo\" src=\"https:\/\/migracao.redenoticia.com.br\/noticia\/imagens\/BBB-10-Rede-Globo.jpg\" alt=\"\" width=\"300\" height=\"193\" srcset=\"https:\/\/migracao.redenoticia.com.br\/noticia\/imagens\/BBB-10-Rede-Globo.jpg 300w, https:\/\/migracao.redenoticia.com.br\/noticia\/imagens\/BBB-10-Rede-Globo-250x161.jpg 250w, https:\/\/migracao.redenoticia.com.br\/noticia\/imagens\/BBB-10-Rede-Globo-150x97.jpg 150w\" sizes=\"auto, (max-width: 300px) 100vw, 300px\" \/>BBB 11 Prova do Frango <\/em><\/strong>(<strong><em>vota\u00e7\u00e3o<\/em><\/strong> para <strong><em>lideran\u00e7a<\/em><\/strong> BBB 11) &#8211; os brother BBB 11 dependeram da\u00a0resist\u00eancia\u00a0e da vota\u00e7\u00e3o do p\u00fablico para a conquista da lideran\u00e7a. Na noite desta quinta-feira (03\/02) os confinados vestiram uma grossa roupa de frango. Passaram por um chuveiro de tempero de papel e vestiram uma capa de pl\u00e1stico. Conforme vota\u00e7\u00e3o do p\u00fablico\u00a0as equipes Verde, Vermelha, Azul e Laranja se revezaram em um forno. <strong><em>Jaqueline<\/em><\/strong> resistiu mais tempo e ganhou a lideran\u00e7a.<\/p>\n<p>Na quinta-feira pela manh\u00e3 foi inaugurada a casa de vidro em um shopping do Rio de Janeiro. Os ex BBB 11 Ariadna, Maur\u00edcio, Igor, Rodrigo e Michelly est\u00e3o dentro da casa de vidro pedindo votos para retornarem ao confinamento (<a href=\"http:\/\/bbb.globo.com\/votacao\/18407.html\" target=\"_blank\">vota\u00e7\u00e3o oficial clique aqui<\/a>). Na <a href=\"http:\/\/televisao.uol.com.br\/bbb\/bbb11\/enquetes\/enquete.htm?id=9784\" target=\"_blank\">enquete UOL<\/a> Ariadna e Michelly lideram a preferencia do p\u00fablico.<\/p>\n<p>O BBB 11 vai ao ar no dia 11 de janeiro e se encerra no dia 29 de mar\u00e7o. Os grupos foram divididos em Vermelho (os belos): Talula, Maria, Rodrigo (eliminado), Paula (trocada por Rodrig\u00e3o) e Weslei (novo integrante). Laranja:\u00a0Nat\u00e1lia, Igor (eliminado), Rodrig\u00e3o (trocado por Paula) e Cristiano. Azul: Jaque, Ariadna (eliminada),\u00a0Maur\u00edcio (eliminado), Daniel\u00a0e Diana. Verde: Diogo, Jana\u00edna, Lucival, Michelly (eliminada) e Adriana (nova integrante).<\/p>\n<p>BBB 11 &#8211; prova do frango<\/p>\n","protected":false},"excerpt":{"rendered":"<p>BBB 11 Prova do Frango (vota\u00e7\u00e3o para lideran\u00e7a BBB 11) &#8211; os brother BBB 11 dependeram da\u00a0resist\u00eancia\u00a0e da vota\u00e7\u00e3o do p\u00fablico para a conquista da lideran\u00e7a. Na noite desta quinta-feira (03\/02) os confinados vestiram uma grossa roupa de frango. Passaram por um chuveiro de tempero de papel e vestiram uma capa de pl\u00e1stico. Conforme vota\u00e7\u00e3o [&hellip;]<\/p>\n","protected":false},"author":3,"featured_media":22134,"comment_status":"open","ping_status":"open","sticky":false,"template":"","format":"standard","meta":{"tdm_status":"","tdm_grid_status":"","footnotes":""},"categories":[520,22,375,343],"tags":[],"class_list":{"0":"post-33447","1":"post","2":"type-post","3":"status-publish","4":"format-standard","5":"has-post-thumbnail","7":"category-big-brother-brasil","8":"category-brasil","9":"category-rede-globo","10":"category-televisao"},"_links":{"self":[{"href":"https:\/\/migracao.redenoticia.com.br\/noticia\/wp-json\/wp\/v2\/posts\/33447","targetHints":{"allow":["GET"]}}],"collection":[{"href":"https:\/\/migracao.redenoticia.com.br\/noticia\/wp-json\/wp\/v2\/posts"}],"about":[{"href":"https:\/\/migracao.redenoticia.com.br\/noticia\/wp-json\/wp\/v2\/types\/post"}],"author":[{"embeddable":true,"href":"https:\/\/migracao.redenoticia.com.br\/noticia\/wp-json\/wp\/v2\/users\/3"}],"replies":[{"embeddable":true,"href":"https:\/\/migracao.redenoticia.com.br\/noticia\/wp-json\/wp\/v2\/comments?post=33447"}],"version-history":[{"count":0,"href":"https:\/\/migracao.redenoticia.com.br\/noticia\/wp-json\/wp\/v2\/posts\/33447\/revisions"}],"wp:featuredmedia":[{"embeddable":true,"href":"https:\/\/migracao.redenoticia.com.br\/noticia\/wp-json\/wp\/v2\/media\/22134"}],"wp:attachment":[{"href":"https:\/\/migracao.redenoticia.com.br\/noticia\/wp-json\/wp\/v2\/media?parent=33447"}],"wp:term":[{"taxonomy":"category","embeddable":true,"href":"https:\/\/migracao.redenoticia.com.br\/noticia\/wp-json\/wp\/v2\/categories?post=33447"},{"taxonomy":"post_tag","embeddable":true,"href":"https:\/\/migracao.redenoticia.com.br\/noticia\/wp-json\/wp\/v2\/tags?post=33447"}],"curies":[{"name":"wp","href":"https:\/\/api.w.org\/{rel}","templated":true}]}}