{"id":33450,"date":"2011-02-04T08:34:15","date_gmt":"2011-02-04T12:34:15","guid":{"rendered":"http:\/\/www.redenoticia.com.br\/noticia\/?p=33450"},"modified":"2011-02-04T08:34:15","modified_gmt":"2011-02-04T12:34:15","slug":"divulgada-a-segunda-chamada-do-sisu","status":"publish","type":"post","link":"https:\/\/migracao.redenoticia.com.br\/noticia\/2011\/divulgada-a-segunda-chamada-do-sisu\/33450","title":{"rendered":"Divulgada a segunda chamada do SiSU"},"content":{"rendered":"<p><strong><em><img loading=\"lazy\" decoding=\"async\" class=\"alignleft size-full wp-image-22752\" title=\"sisu enem mec\" src=\"https:\/\/migracao.redenoticia.com.br\/noticia\/imagens\/sisu-enem-mec.jpg\" alt=\"\" width=\"300\" height=\"193\" srcset=\"https:\/\/migracao.redenoticia.com.br\/noticia\/imagens\/sisu-enem-mec.jpg 300w, https:\/\/migracao.redenoticia.com.br\/noticia\/imagens\/sisu-enem-mec-250x161.jpg 250w, https:\/\/migracao.redenoticia.com.br\/noticia\/imagens\/sisu-enem-mec-150x97.jpg 150w\" sizes=\"auto, (max-width: 300px) 100vw, 300px\" \/>SiSU<\/em><\/strong> &#8211; foi divulgado nesta sexta-feira, dia 4 de fevereiro, o resultado da segunda  chamada do Sistema de Sele\u00e7\u00e3o Unificada (SiSU). Para a UFSCar est\u00e3o sendo  convocados para matr\u00edcula 1.005 candidatos para os 56 cursos distribu\u00eddos entre  os campi Araras, S\u00e3o Carlos e Sorocaba. Para saber se foi selecionado, o  candidato deve acessar o Boletim Individual do Aluno, dispon\u00edvel em <a href=\"http:\/\/sisu.mec.gov.br\/\" target=\"_blank\"><strong><em>http:\/\/sisu.mec.gov.br<\/em><\/strong><\/a>.<br \/>\nAs matr\u00edculas dos  convocados em segunda chamada ser\u00e3o realizadas nos dias 8 e 9 de fevereiro, das  9h \u00e0s 11h30 e das 14h30 \u00e0s 17h. Os candidatos devem comparecer no endere\u00e7o do  campus em que \u00e9 ofertado o curso para o qual foram aprovados:<\/p>\n<p>Campus S\u00e3o Carlos &#8211; A matr\u00edcula ser\u00e1 realizada no Edif\u00edcio de Aulas Te\u00f3ricas  AT7, na \u00e1rea Norte do campus, localizado na Rodovia Washington Lu\u00eds, km 235  (SP-310).<br \/>\nCampus de Araras &#8211; A matr\u00edcula acontece no Edif\u00edcio Central e o  campus est\u00e1 localizado na Rodovia Anhanguera, km 174 (SP-330)<br \/>\nCampus Sorocaba  &#8211; Os candidatos far\u00e3o a matr\u00edcula no Edif\u00edcio de Gest\u00e3o Acad\u00eamica e o endere\u00e7o  do campus \u00e9 Rodovia Jo\u00e3o Leme dos Santos, Km 110 (SP-264), bairro do Itinga.<\/p>\n<p>Os documentos comprobat\u00f3rios exigidos para matr\u00edcula devem ser consultados no  Termo de Participa\u00e7\u00e3o da UFSCar no SiSU, acessado em <a href=\"http:\/\/www.vestibular.ufscar.br\/\" target=\"_blank\">www.vestibular.ufscar.br<\/a>, e constam  tamb\u00e9m no Boletim Individual do Aluno. \u00c9 fundamental que o candidato selecionado  compare\u00e7a munido de todos os documentos exigidos para requerer a matr\u00edcula e  observe o hor\u00e1rio estabelecido para atendimento. Mais informa\u00e7\u00f5es podem ser  obtidas com a Coordenadoria do Vestibular (CoVest) da UFSCar pelo e-mail covest@ufscar.br ou pelo (16) 3351-8152.<\/p>\n","protected":false},"excerpt":{"rendered":"<p>SiSU &#8211; foi divulgado nesta sexta-feira, dia 4 de fevereiro, o resultado da segunda chamada do Sistema de Sele\u00e7\u00e3o Unificada (SiSU). Para a UFSCar est\u00e3o sendo convocados para matr\u00edcula 1.005 candidatos para os 56 cursos distribu\u00eddos entre os campi Araras, S\u00e3o Carlos e Sorocaba. Para saber se foi selecionado, o candidato deve acessar o Boletim [&hellip;]<\/p>\n","protected":false},"author":3,"featured_media":22752,"comment_status":"open","ping_status":"open","sticky":false,"template":"","format":"standard","meta":{"tdm_status":"","tdm_grid_status":"","footnotes":""},"categories":[22],"tags":[],"class_list":{"0":"post-33450","1":"post","2":"type-post","3":"status-publish","4":"format-standard","5":"has-post-thumbnail","7":"category-brasil"},"_links":{"self":[{"href":"https:\/\/migracao.redenoticia.com.br\/noticia\/wp-json\/wp\/v2\/posts\/33450","targetHints":{"allow":["GET"]}}],"collection":[{"href":"https:\/\/migracao.redenoticia.com.br\/noticia\/wp-json\/wp\/v2\/posts"}],"about":[{"href":"https:\/\/migracao.redenoticia.com.br\/noticia\/wp-json\/wp\/v2\/types\/post"}],"author":[{"embeddable":true,"href":"https:\/\/migracao.redenoticia.com.br\/noticia\/wp-json\/wp\/v2\/users\/3"}],"replies":[{"embeddable":true,"href":"https:\/\/migracao.redenoticia.com.br\/noticia\/wp-json\/wp\/v2\/comments?post=33450"}],"version-history":[{"count":0,"href":"https:\/\/migracao.redenoticia.com.br\/noticia\/wp-json\/wp\/v2\/posts\/33450\/revisions"}],"wp:featuredmedia":[{"embeddable":true,"href":"https:\/\/migracao.redenoticia.com.br\/noticia\/wp-json\/wp\/v2\/media\/22752"}],"wp:attachment":[{"href":"https:\/\/migracao.redenoticia.com.br\/noticia\/wp-json\/wp\/v2\/media?parent=33450"}],"wp:term":[{"taxonomy":"category","embeddable":true,"href":"https:\/\/migracao.redenoticia.com.br\/noticia\/wp-json\/wp\/v2\/categories?post=33450"},{"taxonomy":"post_tag","embeddable":true,"href":"https:\/\/migracao.redenoticia.com.br\/noticia\/wp-json\/wp\/v2\/tags?post=33450"}],"curies":[{"name":"wp","href":"https:\/\/api.w.org\/{rel}","templated":true}]}}