{"id":33453,"date":"2011-02-04T08:39:21","date_gmt":"2011-02-04T12:39:21","guid":{"rendered":"http:\/\/www.redenoticia.com.br\/noticia\/?p=33453"},"modified":"2011-02-04T08:39:21","modified_gmt":"2011-02-04T12:39:21","slug":"conheca-sao-vicente-na-baixada-santista","status":"publish","type":"post","link":"https:\/\/migracao.redenoticia.com.br\/noticia\/2011\/conheca-sao-vicente-na-baixada-santista\/33453","title":{"rendered":"Conhe\u00e7a S\u00e3o Vicente, na Baixada Santista"},"content":{"rendered":"<p>A cidade de <strong><em>S\u00e3o Vicente<\/em><\/strong>, na Baixada Santista, fica a aproximadamente 76 km da capital e \u00e9 um dos destinos procurados pelos paulistas em finais de semana ensolarados por causa das praia e suas diversas <strong><em>atra\u00e7\u00f5es tur\u00edsticas<\/em><\/strong>. Com 479 anos completados no dia 22 de janeiro, a primeira vila fundada pelos portugueses na Am\u00e9rica abriga hoje uma popula\u00e7\u00e3o de 330 mil habitantes.<\/p>\n<p>O forte do turismo local s\u00e3o as praias, entre elas sossegada Praia dos Milion\u00e1rios, pr\u00f3xima a Ilha Porchat, e a Praia do Gonzaguinha, ideal para quem curte esportes n\u00e1uticos como iatismo, windsurf e jet ski. E ainda os amantes de aventuras devem passar pelo Morro da Asa Delta de onde \u00e9 poss\u00edvel ter uma das melhores vistas da Baixada Santista, vendo ao mesmo tempo S\u00e3o Vicente, Santos, Guaruj\u00e1, Praia Grande e Cubat\u00e3o.<\/p>\n<p>Fora das praias, mas n\u00e3o distante delas, o turista n\u00e3o pode deixar conhecer a Biquinha de Anchieta, local onde o jesu\u00edta bebia \u00e1gua e catequizava \u00edndios e que tamb\u00e9m foi a fonte de abastecimento de \u00e1gua de S\u00e3o Vicente durante s\u00e9culos. \u00c9 ali tamb\u00e9m onde o visitante encontra um tradicional ponto de venda de doces na cidade.<\/p>\n<p>O cart\u00e3o postal do munic\u00edpio fica a cargo da Ponte P\u00eansil, a primeira do g\u00eanero constru\u00edda no Pa\u00eds. Inaugurada em 1914, \u00e9 tombada como patrim\u00f4nio hist\u00f3rico e foi fundamental para o desenvolvimento econ\u00f4mico local.<\/p>\n<p>Confira algumas atra\u00e7\u00f5es que n\u00e3o podem ficar de fora em uma visita a S\u00e3o Vicente:<\/p>\n<p>Encena\u00e7\u00e3o de S\u00e3o Vicente<\/p>\n<p>Considerada o maior espet\u00e1culo em areia de praia do mundo, a Encena\u00e7\u00e3o da Funda\u00e7\u00e3o da Vila de S\u00e3o Vicente come\u00e7ou a acontecer em janeiro de 1982, feita na praia do Gonzaguinha, por volunt\u00e1rios que se reuniam para comemorar o anivers\u00e1rio da cidade. Tomou grandes propor\u00e7\u00f5es em 1998, quando foi criada uma grande arena onde os atores e famosos da televis\u00e3o contavam a hist\u00f3ria da chegada de Martim Afonso.<\/p>\n<p>A partir de ent\u00e3o, a encena\u00e7\u00e3o ganhou repercuss\u00e3o nacional. Cerca de 56 mil pessoas assistem aos sete dias de volta ao passado com 1.300 mil atores do povo, que ensaiam durante oito meses. Um dos grandes atrativos \u00e9 a r\u00e9plica da caravela do Descobrimento do Brasil, a &#8220;Esp\u00edrito Santo&#8221;, uma das seis em atividade no mundo.<\/p>\n<p>Biquinha<\/p>\n<p>Datada de 1553, a Biquinha de Anchieta foi uma das principais fontes de \u00e1gua da popula\u00e7\u00e3o da cidade durante s\u00e9culos. Os azulejos azuis trabalhados a m\u00e3o s\u00e3o rel\u00edquias hist\u00f3ricas do local. Foi l\u00e1 que o famoso padre jesu\u00edta bebia \u00e1gua e catequizava \u00edndios. Al\u00e9m da bica, a pra\u00e7a conta com uma est\u00e1tua do padre em tamanho natural e boxes onde s\u00e3o vendidos os mais tradicionais doces da cidade.<\/p>\n<p>Praia do Gonzaguinha<\/p>\n<p>Em 800 metros de extens\u00e3o, a Praia do Gonzaguinha fica entre o Marco Padr\u00e3o e a Praia dos Milion\u00e1rios. A praia \u00e9 muito procurada pelos praticantes de esportes n\u00e1uticos, como iatismo, windsurf, esqui aqu\u00e1tico e jet ski. Para aqueles que querem relaxar a beira do mar, h\u00e1 quiosques instalados ao longo do cal\u00e7ad\u00e3o, onde h\u00e1 tamb\u00e9m \u00e1rvores, bancos e deque de madeira para acesso \u00e0 areia, al\u00e9m de uma ciclovia em fase de conclus\u00e3o.<\/p>\n<p>Ali tamb\u00e9m h\u00e1 um p\u00eder, onde no ver\u00e3o saem passeios di\u00e1rios de escuna pela ba\u00eda de S\u00e3o Vicente, ilhas e imedia\u00e7\u00f5es. \u00c0 direta da praia, junto \u00e0 Biquinha de Anchieta, \u00e9 onde, todos os anos, artistas fazem a Encena\u00e7\u00e3o da Funda\u00e7\u00e3o da Vila de S\u00e3o Vicente.<\/p>\n<p>Marco Padr\u00e3o<\/p>\n<p>Inaugurado em 1933, o monumento marca a comemora\u00e7\u00e3o dos 400 anos da Funda\u00e7\u00e3o de S\u00e3o Vicente. Fica dentro de uma ilhota conhecida como Pedra do Mato, na Praia do Gonzaguinha, tamb\u00e9m pr\u00f3ximo \u00e0 Biquinha de Anchieta.<\/p>\n<p>Ponte P\u00eansil<\/p>\n<p>O cart\u00e3o-postal n\u00famero um de S\u00e3o Vicente \u00e9 a Ponte P\u00eansil, primeira do tipo constru\u00edda no Brasil. Tombada como patrim\u00f4nio hist\u00f3rico, a ponte foi inaugurada em 21 de maio de 1914, revelando-se fundamental no desenvolvimento da regi\u00e3o. A ponte ainda mant\u00e9m parte do material original utilizado na obra, vindo da Alemanha, como os cabos de a\u00e7o.<\/p>\n<p>Morro da Asa Delta<\/p>\n<p>Descoberto pelos praticantes de v\u00f4o-livre, o Morro da Asa Delta, chamado tamb\u00e9m de Itarar\u00e9 ou Voturu\u00e1, tem seu ponto mais alto a 180 metros do n\u00edvel do mar e proporciona uma das mais belas vistas da Baixada, permitindo a vis\u00e3o de S\u00e3o Vicente, Santos, Guaruj\u00e1, Praia Grande e Cubat\u00e3o. O acesso \u00e9 feito pela divisa entre a cidade e Santos, a partir da subida do Morro do Jos\u00e9 Menino. Tamb\u00e9m \u00e9 poss\u00edvel chegar ao topo via telef\u00e9rico, cuja base e venda de ingressos fica na Praia do Itarar\u00e9.<\/p>\n<p>Praia dos Milion\u00e1rios<\/p>\n<p>A Praia dos Milion\u00e1rios tem 200 metros de extens\u00e3o e est\u00e1 situada junto \u00e0s pedras da Ilha Porchat. \u00c9 a mais tranquila das praias do munic\u00edpio. Sua beleza \u00e9 real\u00e7ada pelos rochedos \u00e0 sua esquerda, que propiciam, al\u00e9m de um bom lugar para a pesca, uma bela vista da ba\u00eda de S\u00e3o Vicente e da Ponte P\u00eansil. Na praia tamb\u00e9m \u00e9 poss\u00edvel alugar barcos para passeios.<\/p>\n<p>Praia do Itarar\u00e9<\/p>\n<p>Com 2.400 metros de extens\u00e3o, a Praia do Itarar\u00e9 \u00e9 a maior e uma das mais agitadas praias da cidade. \u00c9 o principal local de concentra\u00e7\u00e3o dos jovens durante o ver\u00e3o, principalmente por suas forma\u00e7\u00f5es de ondas prop\u00edcias \u00e0 pr\u00e1tica do surfe. Na orla, existem 46 quiosques, que comercializam petiscos e bebidas. No local, foi implementado um complexo de lazer, com cal\u00e7ad\u00e3o, ilumina\u00e7\u00e3o, playground e o primeiro jardim de praia com \u00e1rvores de Mata Atl\u00e2ntica do Brasil. L\u00e1 funciona o Telef\u00e9rico, que leva turistas para o alto do Morro da Asa Delta, de onde saltam os praticantes de voo livre.<\/p>\n<p>Do Portal do Governo do Estado<\/p>\n","protected":false},"excerpt":{"rendered":"<p>A cidade de S\u00e3o Vicente, na Baixada Santista, fica a aproximadamente 76 km da capital e \u00e9 um dos destinos procurados pelos paulistas em finais de semana ensolarados por causa das praia e suas diversas atra\u00e7\u00f5es tur\u00edsticas. Com 479 anos completados no dia 22 de janeiro, a primeira vila fundada pelos portugueses na Am\u00e9rica abriga [&hellip;]<\/p>\n","protected":false},"author":3,"featured_media":0,"comment_status":"open","ping_status":"open","sticky":false,"template":"","format":"standard","meta":{"tdm_status":"","tdm_grid_status":"","footnotes":""},"categories":[22],"tags":[],"class_list":{"0":"post-33453","1":"post","2":"type-post","3":"status-publish","4":"format-standard","6":"category-brasil"},"_links":{"self":[{"href":"https:\/\/migracao.redenoticia.com.br\/noticia\/wp-json\/wp\/v2\/posts\/33453","targetHints":{"allow":["GET"]}}],"collection":[{"href":"https:\/\/migracao.redenoticia.com.br\/noticia\/wp-json\/wp\/v2\/posts"}],"about":[{"href":"https:\/\/migracao.redenoticia.com.br\/noticia\/wp-json\/wp\/v2\/types\/post"}],"author":[{"embeddable":true,"href":"https:\/\/migracao.redenoticia.com.br\/noticia\/wp-json\/wp\/v2\/users\/3"}],"replies":[{"embeddable":true,"href":"https:\/\/migracao.redenoticia.com.br\/noticia\/wp-json\/wp\/v2\/comments?post=33453"}],"version-history":[{"count":0,"href":"https:\/\/migracao.redenoticia.com.br\/noticia\/wp-json\/wp\/v2\/posts\/33453\/revisions"}],"wp:attachment":[{"href":"https:\/\/migracao.redenoticia.com.br\/noticia\/wp-json\/wp\/v2\/media?parent=33453"}],"wp:term":[{"taxonomy":"category","embeddable":true,"href":"https:\/\/migracao.redenoticia.com.br\/noticia\/wp-json\/wp\/v2\/categories?post=33453"},{"taxonomy":"post_tag","embeddable":true,"href":"https:\/\/migracao.redenoticia.com.br\/noticia\/wp-json\/wp\/v2\/tags?post=33453"}],"curies":[{"name":"wp","href":"https:\/\/api.w.org\/{rel}","templated":true}]}}