{"id":33459,"date":"2011-02-04T13:11:38","date_gmt":"2011-02-04T17:11:38","guid":{"rendered":"http:\/\/www.redenoticia.com.br\/noticia\/?p=33459"},"modified":"2011-02-04T22:38:14","modified_gmt":"2011-02-05T02:38:14","slug":"inscricoes-para-programa-de-musica-em-santos","status":"publish","type":"post","link":"https:\/\/migracao.redenoticia.com.br\/noticia\/2011\/inscricoes-para-programa-de-musica-em-santos\/33459","title":{"rendered":"Inscri\u00e7\u00f5es para programa de m\u00fasica em Santos"},"content":{"rendered":"<p>Abrem na segunda-feira, dia 21, inscri\u00e7\u00f5es para o <strong><em>Programa de M\u00fasica do  Instituto Grupo P\u00e3o de A\u00e7\u00facar<\/em><\/strong> na Casa de Santos. S\u00e3o 35 vagas dispon\u00edveis para  crian\u00e7as e adolescentes de 10 a 18 anos de idade.<\/p>\n<p>O curso tem como objetivo desenvolver o ser humano por meio da educa\u00e7\u00e3o  musical, resgatando a cidadania e a identidade cultural. Os alunos aprendem  instrumentos de cordas &#8211; violino, viola, violoncelo e contrabaixo &#8211; por meio do  m\u00e9todo Jaff\u00e9. Al\u00e9m de teoria, pr\u00e1tica e hist\u00f3ria da m\u00fasica, a t\u00e9cnica utiliza um  repert\u00f3rio variado.<\/p>\n<p>Para participar da sele\u00e7\u00e3o basta ir \u00e0 Casa do Instituto, entre os dias 21 e  28 de fevereiro, com a carteira de identidade e comprovante de resid\u00eancia. O  curso \u00e9 gratuito, tem dura\u00e7\u00e3o de 1 ano, com aulas de 1h30, duas vezes por  semana.<\/p>\n<p>Inaugurada em 2001, mais de 3 mil alunos passaram pela Casa de Santos, no  Programa de M\u00fasica, em nove anos de funcionamento.<\/p>\n<p>Casa de Santos \u2013 Instituto Grupo P\u00e3o de A\u00e7\u00facar<br \/>\nEndere\u00e7o: Av.Presidente  Wilson, 94\/96- Jos\u00e9 Menino- Santos<br \/>\nHor\u00e1rio \u2013 de segunda a sexta-feira, das 9h  \u00e0s 16h.<br \/>\nTelefone: (13) 3225-4851<\/p>\n<p>Sobre o Programa<\/p>\n<p>O programa de ensino coletivo de instrumentos de cordas (M\u00e9todo Jaff\u00e9) \u00e9  realizado pelo Instituto Grupo P\u00e3o de A\u00e7\u00facar desde 1998 com o objetivo de  promover o desenvolvimento humano atrav\u00e9s da educa\u00e7\u00e3o. As aulas acontecem  durante um anos em que participam jovens de 10 a 18 anos. Al\u00e9m de teoria,  pr\u00e1tica e hist\u00f3ria da m\u00fasica, os alunos t\u00eam contato com um repert\u00f3rio rico e  variado. Os jovens que se destacam passam a participar das Orquestras Grupo P\u00e3o  de A\u00e7\u00facar at\u00e9 a idade de 21 anos.<\/p>\n<p>Compostas por 40 integrantes, as Orquestras se apresentam em v\u00e1rios eventos  ao longo do ano. Mais de 150 mil pessoas j\u00e1 assistiram \u00e0s apresenta\u00e7\u00f5es  realizadas na Baixada Santista. Em todos os concertos os jovens demonstram o  resultado do programa com um repert\u00f3rio variado, o que aumenta o interesse de  quem ouve as apresenta\u00e7\u00f5es.<\/p>\n<p>Grupo P\u00e3o de A\u00e7\u00facar \u2013 Relacionamento com Imprensa<\/p>\n","protected":false},"excerpt":{"rendered":"<p>Abrem na segunda-feira, dia 21, inscri\u00e7\u00f5es para o Programa de M\u00fasica do Instituto Grupo P\u00e3o de A\u00e7\u00facar na Casa de Santos. S\u00e3o 35 vagas dispon\u00edveis para crian\u00e7as e adolescentes de 10 a 18 anos de idade. O curso tem como objetivo desenvolver o ser humano por meio da educa\u00e7\u00e3o musical, resgatando a cidadania e a [&hellip;]<\/p>\n","protected":false},"author":3,"featured_media":0,"comment_status":"open","ping_status":"open","sticky":false,"template":"","format":"standard","meta":{"tdm_status":"","tdm_grid_status":"","footnotes":""},"categories":[22,351,370],"tags":[],"class_list":{"0":"post-33459","1":"post","2":"type-post","3":"status-publish","4":"format-standard","6":"category-brasil","7":"category-cursos","8":"category-inscricao"},"_links":{"self":[{"href":"https:\/\/migracao.redenoticia.com.br\/noticia\/wp-json\/wp\/v2\/posts\/33459","targetHints":{"allow":["GET"]}}],"collection":[{"href":"https:\/\/migracao.redenoticia.com.br\/noticia\/wp-json\/wp\/v2\/posts"}],"about":[{"href":"https:\/\/migracao.redenoticia.com.br\/noticia\/wp-json\/wp\/v2\/types\/post"}],"author":[{"embeddable":true,"href":"https:\/\/migracao.redenoticia.com.br\/noticia\/wp-json\/wp\/v2\/users\/3"}],"replies":[{"embeddable":true,"href":"https:\/\/migracao.redenoticia.com.br\/noticia\/wp-json\/wp\/v2\/comments?post=33459"}],"version-history":[{"count":0,"href":"https:\/\/migracao.redenoticia.com.br\/noticia\/wp-json\/wp\/v2\/posts\/33459\/revisions"}],"wp:attachment":[{"href":"https:\/\/migracao.redenoticia.com.br\/noticia\/wp-json\/wp\/v2\/media?parent=33459"}],"wp:term":[{"taxonomy":"category","embeddable":true,"href":"https:\/\/migracao.redenoticia.com.br\/noticia\/wp-json\/wp\/v2\/categories?post=33459"},{"taxonomy":"post_tag","embeddable":true,"href":"https:\/\/migracao.redenoticia.com.br\/noticia\/wp-json\/wp\/v2\/tags?post=33459"}],"curies":[{"name":"wp","href":"https:\/\/api.w.org\/{rel}","templated":true}]}}