{"id":33479,"date":"2011-02-07T12:36:04","date_gmt":"2011-02-07T16:36:04","guid":{"rendered":"http:\/\/www.redenoticia.com.br\/noticia\/?p=33479"},"modified":"2011-02-07T12:36:04","modified_gmt":"2011-02-07T16:36:04","slug":"hc-tera-centro-especializado-para-tratar-dependencia-em-alcool-e-drogas","status":"publish","type":"post","link":"https:\/\/migracao.redenoticia.com.br\/noticia\/2011\/hc-tera-centro-especializado-para-tratar-dependencia-em-alcool-e-drogas\/33479","title":{"rendered":"HC ter\u00e1 centro especializado para tratar depend\u00eancia em \u00e1lcool e drogas"},"content":{"rendered":"<h2><span style=\"font-weight: normal; font-size: 13px;\">Um novo pr\u00e9dio voltado, exclusivamente, ao <\/span><span style=\"font-size: 13px;\"><em>tratamento de depend\u00eancia qu\u00edmica  e de \u00e1lcool<\/em><\/span><span style=\"font-weight: normal; font-size: 13px;\"> ser\u00e1 implantado pelo Hospital das Cl\u00ednicas da FMUSP, ligado \u00e0  Secretaria o da Sa\u00fade. Com 40 leitos, o local tamb\u00e9m abrigar\u00e1 uma unidade do  Centro de Aten\u00e7\u00e3o Psicossocial (Caps-ad), que atender\u00e1 25 pacientes de alta  complexidade por dia,\u00a0e uma unidade do Centro de Refer\u00eancia Especializado de  Assist\u00eancia Social (Creas), que receber\u00e1 14 fam\u00edlias diariamente.<\/span><\/h2>\n<p>Segundo  o especialista em tratamento de depend\u00eancias qu\u00edmicas do Instituto de  Psiquiatria do HC, Arthur Guerra de Andrade, o objetivo \u00e9 que o novo espa\u00e7o seja  refer\u00eancia na formula\u00e7\u00e3o de pol\u00edticas p\u00fablicas nacionais, realiza\u00e7\u00e3o de  pesquisas e tratamento.<\/p>\n<p>&#8220;O foco n\u00e3o pode estar apenas no m\u00e9dico, mas  tamb\u00e9m na assist\u00eancia social. A interven\u00e7\u00e3o m\u00e9dica \u00e9 mais eficaz quando se tem  um diagn\u00f3stico social do paciente&#8221;, informa o psiquiatra, lembrando que a  interna\u00e7\u00e3o deve ser usada somente em \u00faltimo caso.<\/p>\n<p>Para tra\u00e7ar esse  diagn\u00f3stico social, o centro contar\u00e1 com equipes multidisciplinares, com  assistentes sociais, enfermeiros e psic\u00f3logos, respons\u00e1veis por conhecer o  cen\u00e1rio social do paciente: se ele tem emprego, fam\u00edlia, quem s\u00e3o os amigos e se  o uso de drogas e \u00e1lcool faz parte do dia-a-dia dele.<\/p>\n<p>&#8220;Essa equipe ter\u00e1  um papel fundamental na preven\u00e7\u00e3o de reca\u00eddas&#8221;, destaca Arthur Guerra,  acrescentando que esses profissionais ser\u00e3o contratados pelo HC por meio do  programa de resid\u00eancia multiprofissional, aprovado pelo Estado no fim do ano  passado. &#8220;Ser\u00e3o jovens residentes, atuando em moldes semelhantes \u00e0 Resid\u00eancia  M\u00e9dica&#8221;, explica.<\/p>\n<p>Para implanta\u00e7\u00e3o do pr\u00e9dio, cerca de R$ 11 milh\u00f5es j\u00e1  est\u00e3o empenhados, por meio de uma parceria com a Secretaria Nacional de  Pol\u00edticas sobre Drogas (Senad). Os recursos ser\u00e3o exclusivos para as obras e  outros R$ 400 mil por ano est\u00e3o previstos para manuten\u00e7\u00e3o do pr\u00e9dio. &#8220;Estamos  finalizando o projeto e em mar\u00e7o os editais de licita\u00e7\u00e3o dever\u00e3o ser lan\u00e7ados&#8221;,  anuncia o especialista, ressaltando que as obras dever\u00e3o come\u00e7ar at\u00e9 o fim deste  ano. &#8220;A implanta\u00e7\u00e3o total ser\u00e1 feita em um ano e meio ap\u00f3s o in\u00edcio das  obras&#8221;.<\/p>\n<p>O pr\u00e9dio, que tamb\u00e9m ter\u00e1 escrit\u00f3rios, centros de pesquisa, salas  de aula e salas de reuni\u00f5es para familiares, dever\u00e1 ser implantado em uma \u00e1rea  de 3 mil metros quadrados, ao lado do Hospital das Cl\u00ednicas. Outro Centro  Colaborador, semelhante a este de S\u00e3o Paulo, dever\u00e1 ser implantado no Hospital  de Cl\u00ednicas de Porto Alegre. &#8220;A mesma parceria com a Senad foi firmada no Rio  Grande do Sul&#8221;, finaliza Arthur Guerra.<\/p>\n<p>Da Secretaria da  Sa\u00fade<\/p>\n","protected":false},"excerpt":{"rendered":"<p>Um novo pr\u00e9dio voltado, exclusivamente, ao tratamento de depend\u00eancia qu\u00edmica e de \u00e1lcool ser\u00e1 implantado pelo Hospital das Cl\u00ednicas da FMUSP, ligado \u00e0 Secretaria o da Sa\u00fade. Com 40 leitos, o local tamb\u00e9m abrigar\u00e1 uma unidade do Centro de Aten\u00e7\u00e3o Psicossocial (Caps-ad), que atender\u00e1 25 pacientes de alta complexidade por dia,\u00a0e uma unidade do Centro [&hellip;]<\/p>\n","protected":false},"author":3,"featured_media":0,"comment_status":"open","ping_status":"open","sticky":false,"template":"","format":"standard","meta":{"tdm_status":"","tdm_grid_status":"","footnotes":""},"categories":[22,5],"tags":[],"class_list":{"0":"post-33479","1":"post","2":"type-post","3":"status-publish","4":"format-standard","6":"category-brasil","7":"category-saude-e-vida"},"_links":{"self":[{"href":"https:\/\/migracao.redenoticia.com.br\/noticia\/wp-json\/wp\/v2\/posts\/33479","targetHints":{"allow":["GET"]}}],"collection":[{"href":"https:\/\/migracao.redenoticia.com.br\/noticia\/wp-json\/wp\/v2\/posts"}],"about":[{"href":"https:\/\/migracao.redenoticia.com.br\/noticia\/wp-json\/wp\/v2\/types\/post"}],"author":[{"embeddable":true,"href":"https:\/\/migracao.redenoticia.com.br\/noticia\/wp-json\/wp\/v2\/users\/3"}],"replies":[{"embeddable":true,"href":"https:\/\/migracao.redenoticia.com.br\/noticia\/wp-json\/wp\/v2\/comments?post=33479"}],"version-history":[{"count":0,"href":"https:\/\/migracao.redenoticia.com.br\/noticia\/wp-json\/wp\/v2\/posts\/33479\/revisions"}],"wp:attachment":[{"href":"https:\/\/migracao.redenoticia.com.br\/noticia\/wp-json\/wp\/v2\/media?parent=33479"}],"wp:term":[{"taxonomy":"category","embeddable":true,"href":"https:\/\/migracao.redenoticia.com.br\/noticia\/wp-json\/wp\/v2\/categories?post=33479"},{"taxonomy":"post_tag","embeddable":true,"href":"https:\/\/migracao.redenoticia.com.br\/noticia\/wp-json\/wp\/v2\/tags?post=33479"}],"curies":[{"name":"wp","href":"https:\/\/api.w.org\/{rel}","templated":true}]}}