{"id":33480,"date":"2011-02-07T12:38:34","date_gmt":"2011-02-07T16:38:34","guid":{"rendered":"http:\/\/www.redenoticia.com.br\/noticia\/?p=33480"},"modified":"2011-02-07T12:38:34","modified_gmt":"2011-02-07T16:38:34","slug":"expectativa-de-inflacao-afeta-indices-de-renda-fixa","status":"publish","type":"post","link":"https:\/\/migracao.redenoticia.com.br\/noticia\/2011\/expectativa-de-inflacao-afeta-indices-de-renda-fixa\/33480","title":{"rendered":"Expectativa de infla\u00e7\u00e3o afeta \u00edndices de renda fixa"},"content":{"rendered":"<p>Os dados de<strong><em> infla\u00e7\u00e3o <\/em><\/strong>divulgados em janeiro levaram os agentes, ao longo do  m\u00eas, a revisar para cima suas expectativas, com impactos negativos nos \u00edndices  que medem a performance das carteiras compostas por ativos com prazos de  vencimento mais longos, como \u00e9 o caso do IRF-M1+ e IMA-B5+. Ambos apresentaram  varia\u00e7\u00e3o negativa no m\u00eas \u2013 o primeiro de 0,65% enquanto que o IMA-B5+ declinou  1,49%. Estes indicadores de maior duration foram os sub\u00edndices do IMA com o pior  desempenho.<\/p>\n<p>O resultado foi uma varia\u00e7\u00e3o de 0,26% do \u00edndice geral, a menor dentre  aqueles que medem a performance dos ativos de renda fixa. Esse movimento pode  ser observado no deslocamento para cima das curvas de juros prefixada e atrelada  ao IPCA, com reflexo sobre a medida de infla\u00e7\u00e3o impl\u00edcita. Ainda no que diz  respeito ao segmento de t\u00edtulos p\u00fablicos, tamb\u00e9m se destacou o lan\u00e7amento da LTN  com vencimento em 1\/1\/2015, criada para substituir a NTN-F de mesmo  vencimento.<\/p>\n<p>Com a emiss\u00e3o de R$ 8,8 bilh\u00f5es de Letras Financeiras, o estoque desses  pap\u00e9is se aproxima da casa dos R$ 40 bilh\u00f5es, praticamente o dobro do estoque  dos DPGE, que tiveram um total emitido de R$ 917 milh\u00f5es. Janeiro registrou uma  queda na emiss\u00e3o de t\u00edtulos banc\u00e1rios em rela\u00e7\u00e3o ao m\u00eas anterior, com as Letras  Financeiras apresentando o menor decr\u00e9scimo dentre os t\u00edtulos dessa natureza.  Enquanto o volume de emiss\u00e3o de letras recuou 9,1% em rela\u00e7\u00e3o a dezembro, a  queda na emiss\u00e3o de CDB foi de 27%, e a de DPGE de 15,6%.<\/p>\n<p>O Boletim ANBIMA de Renda Fixa de fevereiro est\u00e1 dispon\u00edvel no link: <a href=\"http:\/\/www.anbima.com.br\/publicacoes\/arqs\/bol-rf_015.pdf\" target=\"_blank\">http:\/\/www.anbima.com.br\/publicacoes\/arqs\/bol-rf_015.pdf<\/a><\/p>\n","protected":false},"excerpt":{"rendered":"<p>Os dados de infla\u00e7\u00e3o divulgados em janeiro levaram os agentes, ao longo do m\u00eas, a revisar para cima suas expectativas, com impactos negativos nos \u00edndices que medem a performance das carteiras compostas por ativos com prazos de vencimento mais longos, como \u00e9 o caso do IRF-M1+ e IMA-B5+. Ambos apresentaram varia\u00e7\u00e3o negativa no m\u00eas \u2013 [&hellip;]<\/p>\n","protected":false},"author":3,"featured_media":0,"comment_status":"open","ping_status":"open","sticky":false,"template":"","format":"standard","meta":{"tdm_status":"","tdm_grid_status":"","footnotes":""},"categories":[22,7],"tags":[],"class_list":{"0":"post-33480","1":"post","2":"type-post","3":"status-publish","4":"format-standard","6":"category-brasil","7":"category-economia"},"_links":{"self":[{"href":"https:\/\/migracao.redenoticia.com.br\/noticia\/wp-json\/wp\/v2\/posts\/33480","targetHints":{"allow":["GET"]}}],"collection":[{"href":"https:\/\/migracao.redenoticia.com.br\/noticia\/wp-json\/wp\/v2\/posts"}],"about":[{"href":"https:\/\/migracao.redenoticia.com.br\/noticia\/wp-json\/wp\/v2\/types\/post"}],"author":[{"embeddable":true,"href":"https:\/\/migracao.redenoticia.com.br\/noticia\/wp-json\/wp\/v2\/users\/3"}],"replies":[{"embeddable":true,"href":"https:\/\/migracao.redenoticia.com.br\/noticia\/wp-json\/wp\/v2\/comments?post=33480"}],"version-history":[{"count":0,"href":"https:\/\/migracao.redenoticia.com.br\/noticia\/wp-json\/wp\/v2\/posts\/33480\/revisions"}],"wp:attachment":[{"href":"https:\/\/migracao.redenoticia.com.br\/noticia\/wp-json\/wp\/v2\/media?parent=33480"}],"wp:term":[{"taxonomy":"category","embeddable":true,"href":"https:\/\/migracao.redenoticia.com.br\/noticia\/wp-json\/wp\/v2\/categories?post=33480"},{"taxonomy":"post_tag","embeddable":true,"href":"https:\/\/migracao.redenoticia.com.br\/noticia\/wp-json\/wp\/v2\/tags?post=33480"}],"curies":[{"name":"wp","href":"https:\/\/api.w.org\/{rel}","templated":true}]}}