{"id":3354,"date":"2009-06-21T10:13:22","date_gmt":"2009-06-21T14:13:22","guid":{"rendered":"http:\/\/www.redenoticia.com.br\/noticia\/?p=3354"},"modified":"2009-06-21T10:14:31","modified_gmt":"2009-06-21T14:14:31","slug":"camara-de-ji-parana-lanca-informativo-semanal","status":"publish","type":"post","link":"https:\/\/migracao.redenoticia.com.br\/noticia\/2009\/camara-de-ji-parana-lanca-informativo-semanal\/3354","title":{"rendered":"C\u00e2mara de Ji-Paran\u00e1 lan\u00e7a informativo semanal"},"content":{"rendered":"<p>O Presidente da C\u00e2mara de Ji-Paran\u00e1, Nilton Cezar, abriu a \u00faltima sess\u00e3o (16) formalizando a todos os vereadores e p\u00fablico presente que, para garantir a transpar\u00eancia dos trabalhos e a informa\u00e7\u00e3o \u00e0 comunidade, os trabalhos seriam veiculados de forma resumido na m\u00eddia local.<\/p>\n<p>Para garantir que todos tenham acesso aos trabalhos dos vereadores, um informe resumido tamb\u00e9m ser\u00e1 veiculado em jornal distribuido em todo o Estado de Rond\u00f4nia e, semestralmente, ser\u00e1 produzido um tabl\u00f3ide com todos os projetos aprovados pelos vereadores.<\/p>\n<p>Veja o v\u00eddeo referente \u00e0 \u00faltima sess\u00e3o e que foi veiculado em emissoras de Ji-Paran\u00e1:<\/p>\n<p>[wpyt_profile2]LANTVOyy9W4[\/wpyt_profile2]<\/p>\n<p>.<\/p>\n","protected":false},"excerpt":{"rendered":"<p>O Presidente da C\u00e2mara de Ji-Paran\u00e1, Nilton Cezar, abriu a \u00faltima sess\u00e3o (16) formalizando a todos os vereadores e p\u00fablico presente que, para garantir a transpar\u00eancia dos trabalhos e a informa\u00e7\u00e3o \u00e0 comunidade, os trabalhos seriam veiculados de forma resumido na m\u00eddia local. Para garantir que todos tenham acesso aos trabalhos dos vereadores, um informe [&hellip;]<\/p>\n","protected":false},"author":3,"featured_media":0,"comment_status":"open","ping_status":"open","sticky":false,"template":"","format":"standard","meta":{"tdm_status":"","tdm_grid_status":"","footnotes":""},"categories":[22],"tags":[],"class_list":{"0":"post-3354","1":"post","2":"type-post","3":"status-publish","4":"format-standard","6":"category-brasil"},"_links":{"self":[{"href":"https:\/\/migracao.redenoticia.com.br\/noticia\/wp-json\/wp\/v2\/posts\/3354","targetHints":{"allow":["GET"]}}],"collection":[{"href":"https:\/\/migracao.redenoticia.com.br\/noticia\/wp-json\/wp\/v2\/posts"}],"about":[{"href":"https:\/\/migracao.redenoticia.com.br\/noticia\/wp-json\/wp\/v2\/types\/post"}],"author":[{"embeddable":true,"href":"https:\/\/migracao.redenoticia.com.br\/noticia\/wp-json\/wp\/v2\/users\/3"}],"replies":[{"embeddable":true,"href":"https:\/\/migracao.redenoticia.com.br\/noticia\/wp-json\/wp\/v2\/comments?post=3354"}],"version-history":[{"count":0,"href":"https:\/\/migracao.redenoticia.com.br\/noticia\/wp-json\/wp\/v2\/posts\/3354\/revisions"}],"wp:attachment":[{"href":"https:\/\/migracao.redenoticia.com.br\/noticia\/wp-json\/wp\/v2\/media?parent=3354"}],"wp:term":[{"taxonomy":"category","embeddable":true,"href":"https:\/\/migracao.redenoticia.com.br\/noticia\/wp-json\/wp\/v2\/categories?post=3354"},{"taxonomy":"post_tag","embeddable":true,"href":"https:\/\/migracao.redenoticia.com.br\/noticia\/wp-json\/wp\/v2\/tags?post=3354"}],"curies":[{"name":"wp","href":"https:\/\/api.w.org\/{rel}","templated":true}]}}