{"id":33565,"date":"2011-02-15T21:10:45","date_gmt":"2011-02-16T01:10:45","guid":{"rendered":"http:\/\/www.redenoticia.com.br\/noticia\/?p=33565"},"modified":"2018-08-13T10:34:33","modified_gmt":"2018-08-13T13:34:33","slug":"votacao-bbb-11-em-adriana-e-natalia-movimenta-enquetes","status":"publish","type":"post","link":"https:\/\/migracao.redenoticia.com.br\/noticia\/2011\/votacao-bbb-11-em-adriana-e-natalia-movimenta-enquetes\/33565","title":{"rendered":"Vota\u00e7\u00e3o BBB 11 em Adriana e Nat\u00e1lia movimentou as enquetes"},"content":{"rendered":"<p><strong><em><img loading=\"lazy\" decoding=\"async\" class=\"alignleft size-full wp-image-22134\" title=\"BBB 11 Rede Globo\" src=\"https:\/\/migracao.redenoticia.com.br\/noticia\/imagens\/BBB-10-Rede-Globo.jpg\" alt=\"\" width=\"300\" height=\"193\" srcset=\"https:\/\/migracao.redenoticia.com.br\/noticia\/imagens\/BBB-10-Rede-Globo.jpg 300w, https:\/\/migracao.redenoticia.com.br\/noticia\/imagens\/BBB-10-Rede-Globo-250x161.jpg 250w, https:\/\/migracao.redenoticia.com.br\/noticia\/imagens\/BBB-10-Rede-Globo-150x97.jpg 150w\" sizes=\"auto, (max-width: 300px) 100vw, 300px\" \/>BBB 11<\/em><\/strong> \u2013 no domingo (13\/02) foi formado mais um pared\u00e3o com a disputa entre\u00a0<strong><em>Nat\u00e1lia <\/em><\/strong>e<strong><em> Adriana<\/em><\/strong> (ao vivo\u00a0no\u00a0BBB 11\u00a0Rede\u00a0Globo), e come\u00e7ou uma nova\u00a0<strong><em>vota\u00e7\u00e3o<\/em><\/strong> para elimina\u00e7\u00e3o na ter\u00e7a-feira (15\/02). A disputa nas enquetes foi acirrada. Segundo as enquetes dos grandes portais no in\u00edcio n\u00e3o havia diferen\u00e7a significativa entre Nat\u00e1lia e Adriana. Na\u00a0<strong><em>enquete UOL <\/em><\/strong>e na\u00a0enquete IG Babado, na madrugada da segunda-feira (14\/02), as duas confinadas estavam com aproximadamente 50% dos votos. Pela manh\u00e3 Nat\u00e1lia estava com 55% de indica\u00e7\u00f5es para deixar o programa. A vota\u00e7\u00e3o prosseguiu e na manh\u00e3 da ter\u00e7a-feira (15\/02) Nat\u00e1lia estava com 57% na vota\u00e7\u00e3o da enquete UOL.<\/p>\n<p>A vota\u00e7\u00e3o oficial para eliminar Adriana ou Nat\u00e1lia aconteceu no endere\u00e7o da\u00a0Rede Globo BBB 11\u00a0at\u00e9 o programa ao vivo na noite de ter\u00e7a-feira (15\/02), quando Nat\u00e1lia foi eliminada com 54% dos votos do p\u00fablico.<\/p>\n<p>Este pared\u00e3o BBB 11 foi formado ap\u00f3s a prova do l\u00edder, onde os brothers sorteados por Wesley tiveram que quebrar porquinhos com nomes dos respectivos advers\u00e1rios. Maur\u00edcio eliminou Nat\u00e1lia. Maria eliminou Adriana. Nat\u00e1lia eliminou Wesley. Jaque eliminou Janaina que eliminou Diogo. Wesley eliminou Diana. Adriana quebrou Maria. Daniel escolheu Rodrig\u00e3o. Paula eliminou Maur\u00edcio. Diana eliminou Jaqueline. Diogo eliminou Daniel e Talula eliminou Paula. Ningu\u00e9m quebrou Talula. Na vota\u00e7\u00e3o, Talula (L\u00edder) indicou Adriana. Os votos da maioria foram em Nat\u00e1lia (Maur\u00edcio, Diogo, Rodrig\u00e3o, Maria e Wesley), que enfrenta o pared\u00e3o pela segunda vez consecutiva. \u00a0Adriana votou em Paula. Daniel votou em Diogo. Paula votou em Rodrig\u00e3o. Janaina votou em Jaque. Nat\u00e1lia, Diana e Jaque votaram em Wesley. Depois do pared\u00e3o Talula chamou Paula, Maria e Jaque para o quarto do L\u00edder. Maur\u00edcio falou com Diogo e reclamou que Paula o tirou da competi\u00e7\u00e3o do L\u00edder.<\/p>\n<p>BBB 11 \u2013 Vota\u00e7\u00e3o Adriana ou Nat\u00e1lia<\/p>\n","protected":false},"excerpt":{"rendered":"<p>BBB 11 \u2013 no domingo (13\/02) foi formado mais um pared\u00e3o com a disputa entre\u00a0Nat\u00e1lia e Adriana (ao vivo\u00a0no\u00a0BBB 11\u00a0Rede\u00a0Globo), e come\u00e7ou uma nova\u00a0vota\u00e7\u00e3o para elimina\u00e7\u00e3o na ter\u00e7a-feira (15\/02). A disputa nas enquetes foi acirrada. Segundo as enquetes dos grandes portais no in\u00edcio n\u00e3o havia diferen\u00e7a significativa entre Nat\u00e1lia e Adriana. Na\u00a0enquete UOL e na\u00a0enquete [&hellip;]<\/p>\n","protected":false},"author":3,"featured_media":22134,"comment_status":"open","ping_status":"open","sticky":false,"template":"","format":"standard","meta":{"tdm_status":"","tdm_grid_status":"","footnotes":""},"categories":[520,22,375,343],"tags":[],"class_list":{"0":"post-33565","1":"post","2":"type-post","3":"status-publish","4":"format-standard","5":"has-post-thumbnail","7":"category-big-brother-brasil","8":"category-brasil","9":"category-rede-globo","10":"category-televisao"},"_links":{"self":[{"href":"https:\/\/migracao.redenoticia.com.br\/noticia\/wp-json\/wp\/v2\/posts\/33565","targetHints":{"allow":["GET"]}}],"collection":[{"href":"https:\/\/migracao.redenoticia.com.br\/noticia\/wp-json\/wp\/v2\/posts"}],"about":[{"href":"https:\/\/migracao.redenoticia.com.br\/noticia\/wp-json\/wp\/v2\/types\/post"}],"author":[{"embeddable":true,"href":"https:\/\/migracao.redenoticia.com.br\/noticia\/wp-json\/wp\/v2\/users\/3"}],"replies":[{"embeddable":true,"href":"https:\/\/migracao.redenoticia.com.br\/noticia\/wp-json\/wp\/v2\/comments?post=33565"}],"version-history":[{"count":0,"href":"https:\/\/migracao.redenoticia.com.br\/noticia\/wp-json\/wp\/v2\/posts\/33565\/revisions"}],"wp:featuredmedia":[{"embeddable":true,"href":"https:\/\/migracao.redenoticia.com.br\/noticia\/wp-json\/wp\/v2\/media\/22134"}],"wp:attachment":[{"href":"https:\/\/migracao.redenoticia.com.br\/noticia\/wp-json\/wp\/v2\/media?parent=33565"}],"wp:term":[{"taxonomy":"category","embeddable":true,"href":"https:\/\/migracao.redenoticia.com.br\/noticia\/wp-json\/wp\/v2\/categories?post=33565"},{"taxonomy":"post_tag","embeddable":true,"href":"https:\/\/migracao.redenoticia.com.br\/noticia\/wp-json\/wp\/v2\/tags?post=33565"}],"curies":[{"name":"wp","href":"https:\/\/api.w.org\/{rel}","templated":true}]}}