{"id":33583,"date":"2011-02-15T09:15:51","date_gmt":"2011-02-15T13:15:51","guid":{"rendered":"http:\/\/www.redenoticia.com.br\/noticia\/?p=33583"},"modified":"2011-02-15T09:15:51","modified_gmt":"2011-02-15T13:15:51","slug":"carreira-de-tradutor-e-interprete-em-destaque","status":"publish","type":"post","link":"https:\/\/migracao.redenoticia.com.br\/noticia\/2011\/carreira-de-tradutor-e-interprete-em-destaque\/33583","title":{"rendered":"Carreira de tradutor e int\u00e9rprete em destaque"},"content":{"rendered":"<p>A <strong><em>carreira de tradutor e int\u00e9rprete<\/em><\/strong> ter\u00e1 o seu boom em 2014? As expectativas  em torno do ano em que o Brasil sediar\u00e1 o maior evento esportivo do mundo, v\u00e3o  de boas a melhores. Para Jayme Costa Pinto, coordenador do Departamento de  Tradu\u00e7\u00e3o e Interpreta\u00e7\u00e3o da Alumni, a profiss\u00e3o de tradutor e int\u00e9rprete pode ser considerada promissora  para os pr\u00f3ximos anos. Segundo o coordenador, a demanda do mercado por esses  profissionais n\u00e3o \u00e9 algo recente e tende a continuar por muitos anos, n\u00e3o apenas  por conta dos eventos esportivos internacionais que ser\u00e3o sediados no pa\u00eds, como  a Copa do Mundo de 2014 e as Olimp\u00edadas de 2016, mas pelo crescimento econ\u00f4mico  e pelo aumento da import\u00e2ncia do Brasil no cen\u00e1rio internacional. \u201cOs tradutores  t\u00eam um \u00f3timo mercado no Brasil impulsionado, principalmente, pela cidade de S\u00e3o  Paulo, que realiza mais de 90 mil eventos por ano e 75% das maiores feiras do  pa\u00eds\u201d, afirma.<\/p>\n<p>Em m\u00e9dia, a cidade de S\u00e3o Paulo realiza um evento a cada 6 minutos, entre  congressos, feiras, conven\u00e7\u00f5es, shows e grandes festas. Al\u00e9m disso, \u00e9 o maior  centro econ\u00f4mico do mundo e foi eleita pela segunda vez o melhor destino da  Am\u00e9rica Latina para se fazer neg\u00f3cios, segundo o estudo anual elaborado pela  Am\u00e9rica Economia Intelligence.<\/p>\n<p>O potencial da cidade ainda vai mais longe, pois  al\u00e9m de ser o maior destino de eventos internacionais das Am\u00e9ricas, figura entre  os Top 20 destinos para eventos no mundo, ultrapassando cidades como Madri,  Sidney, Atenas e Vancouver. \u201cOs eventos internacionais contribuir\u00e3o para o  crescimento da demanda do mercado de tradutores, por\u00e9m essa \u00e1rea \u00e9 promissora em  todas as \u00e9pocas do ano e vai al\u00e9m da Copa do Mundo\u201d, finaliza.<\/p>\n","protected":false},"excerpt":{"rendered":"<p>A carreira de tradutor e int\u00e9rprete ter\u00e1 o seu boom em 2014? As expectativas em torno do ano em que o Brasil sediar\u00e1 o maior evento esportivo do mundo, v\u00e3o de boas a melhores. Para Jayme Costa Pinto, coordenador do Departamento de Tradu\u00e7\u00e3o e Interpreta\u00e7\u00e3o da Alumni, a profiss\u00e3o de tradutor e int\u00e9rprete pode ser [&hellip;]<\/p>\n","protected":false},"author":3,"featured_media":0,"comment_status":"open","ping_status":"open","sticky":false,"template":"","format":"standard","meta":{"tdm_status":"","tdm_grid_status":"","footnotes":""},"categories":[22,7],"tags":[],"class_list":{"0":"post-33583","1":"post","2":"type-post","3":"status-publish","4":"format-standard","6":"category-brasil","7":"category-economia"},"_links":{"self":[{"href":"https:\/\/migracao.redenoticia.com.br\/noticia\/wp-json\/wp\/v2\/posts\/33583","targetHints":{"allow":["GET"]}}],"collection":[{"href":"https:\/\/migracao.redenoticia.com.br\/noticia\/wp-json\/wp\/v2\/posts"}],"about":[{"href":"https:\/\/migracao.redenoticia.com.br\/noticia\/wp-json\/wp\/v2\/types\/post"}],"author":[{"embeddable":true,"href":"https:\/\/migracao.redenoticia.com.br\/noticia\/wp-json\/wp\/v2\/users\/3"}],"replies":[{"embeddable":true,"href":"https:\/\/migracao.redenoticia.com.br\/noticia\/wp-json\/wp\/v2\/comments?post=33583"}],"version-history":[{"count":0,"href":"https:\/\/migracao.redenoticia.com.br\/noticia\/wp-json\/wp\/v2\/posts\/33583\/revisions"}],"wp:attachment":[{"href":"https:\/\/migracao.redenoticia.com.br\/noticia\/wp-json\/wp\/v2\/media?parent=33583"}],"wp:term":[{"taxonomy":"category","embeddable":true,"href":"https:\/\/migracao.redenoticia.com.br\/noticia\/wp-json\/wp\/v2\/categories?post=33583"},{"taxonomy":"post_tag","embeddable":true,"href":"https:\/\/migracao.redenoticia.com.br\/noticia\/wp-json\/wp\/v2\/tags?post=33583"}],"curies":[{"name":"wp","href":"https:\/\/api.w.org\/{rel}","templated":true}]}}