{"id":33610,"date":"2011-02-16T09:32:42","date_gmt":"2011-02-16T13:32:42","guid":{"rendered":"http:\/\/www.redenoticia.com.br\/noticia\/?p=33610"},"modified":"2011-02-16T09:32:42","modified_gmt":"2011-02-16T13:32:42","slug":"nova-descoberta-no-pre-sal-da-bacia-de-santos","status":"publish","type":"post","link":"https:\/\/migracao.redenoticia.com.br\/noticia\/2011\/nova-descoberta-no-pre-sal-da-bacia-de-santos\/33610","title":{"rendered":"Nova descoberta no pr\u00e9-sal da Bacia de Santos"},"content":{"rendered":"<p>A Petrobras comunica a descoberta de nova acumula\u00e7\u00e3o de petr\u00f3leo de boa  qualidade (26\u00ba API) nos reservat\u00f3rios do <strong><em>pr\u00e9-sal da Bacia de Santos<\/em><\/strong>, com a  perfura\u00e7\u00e3o do po\u00e7o 4-BRSA-818 (4-RJS-668).<\/p>\n<p>Informalmente denominado  Macuna\u00edma, o po\u00e7o est\u00e1 localizado em \u00e1guas onde a profundidade \u00e9 de 2134 metros,  na \u00e1rea de avalia\u00e7\u00e3o do po\u00e7o pioneiro 1-RJS -617D (Parati) e a 244 km da costa  do Estado do Rio de Janeiro.<\/p>\n<p>A descoberta foi comprovada por meio de  amostragem de petr\u00f3leo em teste nos reservat\u00f3rios localizados em profundidade de  cerca de 5.680 metros.<\/p>\n<p>A Petrobras \u00e9 a operadora do cons\u00f3rcio para  explora\u00e7\u00e3o do bloco BM-S-10 (65%), formado ainda pelas empresas BG Group (25%) e  Partex Brasil (10%).<\/p>\n<p>O cons\u00f3rcio dar\u00e1 continuidade \u00e0s atividades e  investimentos necess\u00e1rios para a avalia\u00e7\u00e3o das jazidas descobertas nessa \u00e1rea,  conforme Plano de Avalia\u00e7\u00e3o aprovado pela Ag\u00eancia Nacional de Petr\u00f3leo, G\u00e1s e  Biocombust\u00edveis (ANP), cuja conclus\u00e3o est\u00e1 prevista para abril de 2012.<\/p>\n","protected":false},"excerpt":{"rendered":"<p>A Petrobras comunica a descoberta de nova acumula\u00e7\u00e3o de petr\u00f3leo de boa qualidade (26\u00ba API) nos reservat\u00f3rios do pr\u00e9-sal da Bacia de Santos, com a perfura\u00e7\u00e3o do po\u00e7o 4-BRSA-818 (4-RJS-668). Informalmente denominado Macuna\u00edma, o po\u00e7o est\u00e1 localizado em \u00e1guas onde a profundidade \u00e9 de 2134 metros, na \u00e1rea de avalia\u00e7\u00e3o do po\u00e7o pioneiro 1-RJS -617D [&hellip;]<\/p>\n","protected":false},"author":3,"featured_media":0,"comment_status":"open","ping_status":"open","sticky":false,"template":"","format":"standard","meta":{"tdm_status":"","tdm_grid_status":"","footnotes":""},"categories":[22,7],"tags":[],"class_list":{"0":"post-33610","1":"post","2":"type-post","3":"status-publish","4":"format-standard","6":"category-brasil","7":"category-economia"},"_links":{"self":[{"href":"https:\/\/migracao.redenoticia.com.br\/noticia\/wp-json\/wp\/v2\/posts\/33610","targetHints":{"allow":["GET"]}}],"collection":[{"href":"https:\/\/migracao.redenoticia.com.br\/noticia\/wp-json\/wp\/v2\/posts"}],"about":[{"href":"https:\/\/migracao.redenoticia.com.br\/noticia\/wp-json\/wp\/v2\/types\/post"}],"author":[{"embeddable":true,"href":"https:\/\/migracao.redenoticia.com.br\/noticia\/wp-json\/wp\/v2\/users\/3"}],"replies":[{"embeddable":true,"href":"https:\/\/migracao.redenoticia.com.br\/noticia\/wp-json\/wp\/v2\/comments?post=33610"}],"version-history":[{"count":0,"href":"https:\/\/migracao.redenoticia.com.br\/noticia\/wp-json\/wp\/v2\/posts\/33610\/revisions"}],"wp:attachment":[{"href":"https:\/\/migracao.redenoticia.com.br\/noticia\/wp-json\/wp\/v2\/media?parent=33610"}],"wp:term":[{"taxonomy":"category","embeddable":true,"href":"https:\/\/migracao.redenoticia.com.br\/noticia\/wp-json\/wp\/v2\/categories?post=33610"},{"taxonomy":"post_tag","embeddable":true,"href":"https:\/\/migracao.redenoticia.com.br\/noticia\/wp-json\/wp\/v2\/tags?post=33610"}],"curies":[{"name":"wp","href":"https:\/\/api.w.org\/{rel}","templated":true}]}}