{"id":33611,"date":"2011-02-16T07:33:08","date_gmt":"2011-02-16T11:33:08","guid":{"rendered":"http:\/\/www.redenoticia.com.br\/noticia\/?p=33611"},"modified":"2011-02-16T09:58:00","modified_gmt":"2011-02-16T13:58:00","slug":"relacao-entre-queda-de-cabelo-e-cancer-de-prostata","status":"publish","type":"post","link":"https:\/\/migracao.redenoticia.com.br\/noticia\/2011\/relacao-entre-queda-de-cabelo-e-cancer-de-prostata\/33611","title":{"rendered":"Rela\u00e7\u00e3o entre queda de cabelo e c\u00e2ncer de prostata"},"content":{"rendered":"<div>\n<h3><span style=\"font-size: 13px;\"><span style=\"font-weight: normal;\">Ag\u00eancia FAPESP \u2013 Homens que come\u00e7am a <\/span><em>perder cabelo <\/em><span style=\"font-weight: normal;\">na faixa dos 20  anos podem ter maior risco de desenvolver c\u00e2ncer de pr\u00f3stata no futuro, de  acordo com estudo publicado nesta ter\u00e7a-feira (15\/2) na revista <\/span><span style=\"font-weight: normal;\">Annals of  Oncology<span style=\"font-weight: normal;\">.<\/span><\/span><\/span><\/h3>\n<\/div>\n<div>\n<p>A pesquisa, feita na Fran\u00e7a, comparou 388 portadores de tumores na pr\u00f3stata  com um grupo controle de 281 homens saud\u00e1veis e verificou que, entre aqueles com  a doen\u00e7a a porcentagem daqueles que come\u00e7aram a ficar calvos aos 20 e poucos  anos era duas vezes maior do que nos demais.<\/p>\n<p>Para aqueles cuja calv\u00edcie come\u00e7ou depois dos 30 ou depois dos 40, n\u00e3o houve  diferen\u00e7a no risco de desenvolver c\u00e2ncer de pr\u00f3stada em compara\u00e7\u00e3o com o grupo  controle.<\/p>\n<p>A alop\u00e9cia androg\u00eanica \u00e9 a queda de cabelos que afeta principalmente os  homens. Cerca de 50% do p\u00fablico masculino ser\u00e1 afetado em algum momento da vida.  Rela\u00e7\u00f5es entre calv\u00edcie e horm\u00f4nios androg\u00eanicos (como a testosterona) s\u00e3o  conhecidas, da mesma forma que a rela\u00e7\u00e3o entre esses horm\u00f4nios e o c\u00e2ncer de  pr\u00f3stata.<\/p>\n<p>A finasterida \u2013 medicamento usado no tratamento da calv\u00edcie \u2013 bloqueia a  convers\u00e3o de testosterona em um androg\u00eanio chamado dihidrotestosterona, que se  estima estar envolvida na queda de cabelos. O medicamento tamb\u00e9m \u00e9 usado para  tratar c\u00e2ncer de pr\u00f3stata.<\/p>\n<p>Os autores do estudo apontam a rela\u00e7\u00e3o observada entre a queda de cabelo  precoce o risco de desenvolvimento da doen\u00e7a mas ressaltam que os mecanismos por  tr\u00e1s dessa associa\u00e7\u00e3o s\u00e3o ainda desconhecidos.<\/p>\n<p>\u201cMais estudos s\u00e3o necess\u00e1rios, tanto com maiores grupos como no n\u00edvel  molecular, de modo a encontrarmos as liga\u00e7\u00f5es desconhecidas entre horm\u00f4nios  androg\u00eanicos, calv\u00edcie precoce e c\u00e2ncer de pr\u00f3stata\u201d, disse Michael Yassa, que  na \u00e9poca do estudo estava no Hospital Europeu Georges Pompidou, em Paris, e  atualmente \u00e9 professor na Universidade de Montreal.<\/p>\n<p>\u201cPrecisamos tamb\u00e9m encontrar formas de identificar aqueles que t\u00eam mais risco  de desenvolver a doen\u00e7a e que poderiam se beneficiar dos exames de diagn\u00f3stico.  Com isso, poder\u00edamos come\u00e7ar a considerar a preven\u00e7\u00e3o por meio de drogas  antiandrog\u00eanicas. A calv\u00edcie precoce pode ser um desses fatores de risco\u201d,  derstacou Philippe Giraud, professor da Universidade de Paris Descartes, que  coordenou a pesquisa.<\/p>\n<p>O artigo <em>Male pattern baldness and the risk of prostate cancer<\/em> (doi:10.1093\/annonc\/mdq695), de Philippe Giraud e outros, pode ser lido por  assinantes da <em>Annals of Oncology<\/em> em <a href=\"http:\/\/annonc.oxfordjournals.org\/\" target=\"_blank\">http:\/\/annonc.oxfordjournals.org<\/a>.<\/p>\n<\/div>\n","protected":false},"excerpt":{"rendered":"<p>Ag\u00eancia FAPESP \u2013 Homens que come\u00e7am a perder cabelo na faixa dos 20 anos podem ter maior risco de desenvolver c\u00e2ncer de pr\u00f3stata no futuro, de acordo com estudo publicado nesta ter\u00e7a-feira (15\/2) na revista Annals of Oncology. A pesquisa, feita na Fran\u00e7a, comparou 388 portadores de tumores na pr\u00f3stata com um grupo controle de [&hellip;]<\/p>\n","protected":false},"author":3,"featured_media":0,"comment_status":"open","ping_status":"open","sticky":false,"template":"","format":"standard","meta":{"tdm_status":"","tdm_grid_status":"","footnotes":""},"categories":[22,5],"tags":[],"class_list":{"0":"post-33611","1":"post","2":"type-post","3":"status-publish","4":"format-standard","6":"category-brasil","7":"category-saude-e-vida"},"_links":{"self":[{"href":"https:\/\/migracao.redenoticia.com.br\/noticia\/wp-json\/wp\/v2\/posts\/33611","targetHints":{"allow":["GET"]}}],"collection":[{"href":"https:\/\/migracao.redenoticia.com.br\/noticia\/wp-json\/wp\/v2\/posts"}],"about":[{"href":"https:\/\/migracao.redenoticia.com.br\/noticia\/wp-json\/wp\/v2\/types\/post"}],"author":[{"embeddable":true,"href":"https:\/\/migracao.redenoticia.com.br\/noticia\/wp-json\/wp\/v2\/users\/3"}],"replies":[{"embeddable":true,"href":"https:\/\/migracao.redenoticia.com.br\/noticia\/wp-json\/wp\/v2\/comments?post=33611"}],"version-history":[{"count":0,"href":"https:\/\/migracao.redenoticia.com.br\/noticia\/wp-json\/wp\/v2\/posts\/33611\/revisions"}],"wp:attachment":[{"href":"https:\/\/migracao.redenoticia.com.br\/noticia\/wp-json\/wp\/v2\/media?parent=33611"}],"wp:term":[{"taxonomy":"category","embeddable":true,"href":"https:\/\/migracao.redenoticia.com.br\/noticia\/wp-json\/wp\/v2\/categories?post=33611"},{"taxonomy":"post_tag","embeddable":true,"href":"https:\/\/migracao.redenoticia.com.br\/noticia\/wp-json\/wp\/v2\/tags?post=33611"}],"curies":[{"name":"wp","href":"https:\/\/api.w.org\/{rel}","templated":true}]}}