{"id":33686,"date":"2011-02-22T17:28:39","date_gmt":"2011-02-22T21:28:39","guid":{"rendered":"http:\/\/www.redenoticia.com.br\/noticia\/?p=33686"},"modified":"2011-02-23T12:47:23","modified_gmt":"2011-02-23T16:47:23","slug":"meteorologia-%e2%80%93-previsao-do-tempo-para-esta-quarta-feira-2302","status":"publish","type":"post","link":"https:\/\/migracao.redenoticia.com.br\/noticia\/2011\/meteorologia-%e2%80%93-previsao-do-tempo-para-esta-quarta-feira-2302\/33686","title":{"rendered":"Meteorologia \u2013 previs\u00e3o do tempo para esta quarta-feira 23\/02"},"content":{"rendered":"<p><img loading=\"lazy\" decoding=\"async\" class=\"alignleft size-full wp-image-28409\" title=\"previsao do tempo e temperatura\" src=\"https:\/\/migracao.redenoticia.com.br\/noticia\/imagens\/previsao-do-tempo-e-temperatura.jpg\" alt=\"\" width=\"300\" height=\"193\" srcset=\"https:\/\/migracao.redenoticia.com.br\/noticia\/imagens\/previsao-do-tempo-e-temperatura.jpg 300w, https:\/\/migracao.redenoticia.com.br\/noticia\/imagens\/previsao-do-tempo-e-temperatura-250x160.jpg 250w, https:\/\/migracao.redenoticia.com.br\/noticia\/imagens\/previsao-do-tempo-e-temperatura-150x96.jpg 150w\" sizes=\"auto, (max-width: 300px) 100vw, 300px\" \/>Previs\u00e3o do tempo\u00a0\u2013 a\u00a0<strong><em>meteorologia<\/em><\/strong> divulgou a <strong><em>previs\u00e3o do tempo <\/em><\/strong>e\u00a0<strong><em>temperatura<\/em><\/strong> para esta quarta-feira (23\/02) e informa que haver\u00e1 pancadas de chuva em grande parte do pa\u00eds, com chuva localmente forte principalmente entre a tarde e noite. Segundo a previs\u00e3o do tempo na metade norte do RS, SC, PR e sul de SP, haver\u00e1 poucas aberturas de sol e pancadas de chuva a qualquer hora do dia. Dados da previs\u00e3o do tempo indicam que poder\u00e3o ocorrer volumes significativos de chuva no norte do RS e na faixa litor\u00e2nea entre os estados de SC e SP. A previs\u00e3o do tempo destaca que nestas \u00e1reas, a temperatura m\u00e1xima estar\u00e1 mais baixa por conta da nebulosidade. No RJ, MG e ES, o sol aparece, mas o calor provocar\u00e1 pancadas de chuva a tarde, que poder\u00e3o ser forte em alguns per\u00edodos. N\u00e3o h\u00e1 previs\u00e3o de chuva apenas no sul do RS, nordeste de MG e extremo sul da BA. Nas outras \u00e1reas do pa\u00eds o calor e a alta umidade do ar causar\u00e3o pancadas de chuva.<\/p>\n<p>Vale do Para\u00edba \u2013 previs\u00e3o do tempo na quarta-feira (23\/02) a nebulosidade aumentar\u00e1, e as pancadas de chuva poder\u00e3o ocorrer a qualquer hora do dia. As temperaturas ter\u00e3o um ligeiro decl\u00ednio.<\/p>\n<p>Regi\u00e3o Centro-Oeste \u2013 previs\u00e3o do tempo em\u00a023\/02\/2011:\u00a0No centro-oeste do MT: nublado com pancadas de chuva. Nas demais \u00e1reas do centro-oeste: sol com varia\u00e7\u00e3o de nuvens e pancadas de chuva isoladas. Temperaturas est\u00e1veis Temperatura m\u00e1xima: 36C no centro de MT. Temperatura m\u00ednima: 23C no sul de MS.as est\u00e1veis.<\/p>\n<p>Regi\u00e3o Nordeste \u2013 previs\u00e3o do tempo em\u00a023\/02\/2011:\u00a0No sul da BA: sol entre poucas nuvens. Nas demais \u00e1reas a Regi\u00e3o: sol com nebulosidade vari\u00e1vel e pancadas de chuva. Pode chover forte no interior da Regi\u00e3o Nordeste. Temperaturas est\u00e1veis. Temperatura m\u00e1xima: 34C no norte do PI. Temperatura m\u00ednima: 15C no sul da BA.<\/p>\n<p>Regi\u00e3o Norte \u2013 previs\u00e3o do tempo em\u00a023\/02\/2011:\u00a0No sul e sudoeste do AM, em RO e no AC: nublado com pancadas de chuva. Nas demais \u00e1reas: sol com varia\u00e7\u00e3o de nuvens e pancadas de chuva. Temperaturas est\u00e1veis. Temperatura m\u00e1xima: 33C no norte do AM. Temperatura m\u00ednima: 16C no noroeste de RR.<\/p>\n<p>Regi\u00e3o Sudeste \u2013 previs\u00e3o do tempo em\u00a023\/02\/2011:\u00a0No nordeste de MG: sol entre poucas nuvens. No extremo sul de SP: muitas nuvens e chuva a qualquer momento. No sul de SP: nublado com pancadas de chuva. Nas demais \u00e1reas de SP e extremo noroeste de MG: sol com varia\u00e7\u00e3o de nuvens e pancadas de chuva isoladas. Nas demais \u00e1reas da Regi\u00e3o: nebulosidade vari\u00e1vel e pancadas de chuva \u00e0 tarde. Temperaturas est\u00e1veis. Temperatura m\u00e1xima: 33C no norte do ES. Temperatura m\u00ednima: 15C no sul de MG.<\/p>\n<p>Regi\u00e3o Sul \u2013 previs\u00e3o do tempo em\u00a023\/02\/2011:\u00a0No sul do RS: sol entre nebulosidade vari\u00e1vel. No litoral de SC e do PR: nublado com per\u00edodos de chuva. No norte do PR: sol entre varia\u00e7\u00e3o de nuvens e pancadas de chuva isoladas. Nas demais \u00e1reas da regi\u00e3o: nublado com pancadas de chuva. Temperatura est\u00e1vel. Temperatura m\u00e1xima: 30C no noroeste do PR. Temperatura m\u00ednima: 15C nas \u00e1reas de serra do RS e de SC.<\/p>\n<p>Previs\u00e3o do tempo e temperatura CPTEC<\/p>\n","protected":false},"excerpt":{"rendered":"<p>Previs\u00e3o do tempo\u00a0\u2013 a\u00a0meteorologia divulgou a previs\u00e3o do tempo e\u00a0temperatura para esta quarta-feira (23\/02) e informa que haver\u00e1 pancadas de chuva em grande parte do pa\u00eds, com chuva localmente forte principalmente entre a tarde e noite. Segundo a previs\u00e3o do tempo na metade norte do RS, SC, PR e sul de SP, haver\u00e1 poucas aberturas [&hellip;]<\/p>\n","protected":false},"author":3,"featured_media":28409,"comment_status":"open","ping_status":"open","sticky":false,"template":"","format":"standard","meta":{"tdm_status":"","tdm_grid_status":"","footnotes":""},"categories":[22],"tags":[],"class_list":{"0":"post-33686","1":"post","2":"type-post","3":"status-publish","4":"format-standard","5":"has-post-thumbnail","7":"category-brasil"},"_links":{"self":[{"href":"https:\/\/migracao.redenoticia.com.br\/noticia\/wp-json\/wp\/v2\/posts\/33686","targetHints":{"allow":["GET"]}}],"collection":[{"href":"https:\/\/migracao.redenoticia.com.br\/noticia\/wp-json\/wp\/v2\/posts"}],"about":[{"href":"https:\/\/migracao.redenoticia.com.br\/noticia\/wp-json\/wp\/v2\/types\/post"}],"author":[{"embeddable":true,"href":"https:\/\/migracao.redenoticia.com.br\/noticia\/wp-json\/wp\/v2\/users\/3"}],"replies":[{"embeddable":true,"href":"https:\/\/migracao.redenoticia.com.br\/noticia\/wp-json\/wp\/v2\/comments?post=33686"}],"version-history":[{"count":0,"href":"https:\/\/migracao.redenoticia.com.br\/noticia\/wp-json\/wp\/v2\/posts\/33686\/revisions"}],"wp:featuredmedia":[{"embeddable":true,"href":"https:\/\/migracao.redenoticia.com.br\/noticia\/wp-json\/wp\/v2\/media\/28409"}],"wp:attachment":[{"href":"https:\/\/migracao.redenoticia.com.br\/noticia\/wp-json\/wp\/v2\/media?parent=33686"}],"wp:term":[{"taxonomy":"category","embeddable":true,"href":"https:\/\/migracao.redenoticia.com.br\/noticia\/wp-json\/wp\/v2\/categories?post=33686"},{"taxonomy":"post_tag","embeddable":true,"href":"https:\/\/migracao.redenoticia.com.br\/noticia\/wp-json\/wp\/v2\/tags?post=33686"}],"curies":[{"name":"wp","href":"https:\/\/api.w.org\/{rel}","templated":true}]}}