{"id":33689,"date":"2011-02-22T13:19:14","date_gmt":"2011-02-22T17:19:14","guid":{"rendered":"http:\/\/www.redenoticia.com.br\/noticia\/?p=33689"},"modified":"2011-03-14T10:30:26","modified_gmt":"2011-03-14T14:30:26","slug":"programacao-da-virada-cultural-paulista-2011","status":"publish","type":"post","link":"https:\/\/migracao.redenoticia.com.br\/noticia\/2011\/programacao-da-virada-cultural-paulista-2011\/33689","title":{"rendered":"Programa\u00e7\u00e3o da Virada Cultural Paulista 2011"},"content":{"rendered":"<p>O  governador Geraldo Alckmin e o\u00a0secret\u00e1rio\u00a0da Cultura, Andrea Matarazzo,  lan\u00e7aram, nesta ter\u00e7a-feira, 22,\u00a0a <em>programa\u00e7\u00e3o da <strong>Virada Cultural Paulista 2011<\/strong><\/em><span style=\"font-weight: normal;\">.  Promovida desde 2007 pelo Governo do Estado, por meio da Secretaria da Cultura,  o evento ocorrer\u00e1, este ano, em 22 cidades do Estado, nos dias 14 e 15 de maio.  A solenidade contou com a apresenta\u00e7\u00e3o de roda de choro, com Luizinho 7 Cordas;  uma esquete com os Parlapat\u00f5es e ainda um trecho da pe\u00e7a As Pagus.<\/span><\/p>\n<p>Como  nas edi\u00e7\u00f5es anteriores, grandes nomes da cena nacional e artistas internacionais  marcam presen\u00e7a na programa\u00e7\u00e3o. A Virada Cultural Paulista 2011 ser\u00e1 realizada  nas cidades de Ara\u00e7atuba, Araraquara, Assis, Botucatu, Caraguatatuba, Franca,  Indaiatuba, Jundia\u00ed, Mar\u00edlia, Mogi das Cruzes, Mogi-Gua\u00e7u, Piracicaba,  Presidente Prudente, Ribeir\u00e3o Preto, Santa B\u00e1rbara D&#8217;oeste, Santos,Santo Andr\u00e9,  S\u00e3o Carlos, S\u00e3o Jo\u00e3o da Boa Vista, S\u00e3o Jos\u00e9 do Rio Preto, S\u00e3o Jos\u00e9 dos Campos e  Sorocaba.<\/p>\n<p>&#8220;\u00c9 uma descentraliza\u00e7\u00e3o importante: m\u00fasica,  cinema, teatro, literatura, circo, bal\u00e9, enfim, a cultura vai para o interior de  S\u00e3o Paulo. \u00c9 um \u00f3timo interc\u00e2mbio porque as regi\u00f5es conhecem grandes artistas,  \u00f3timas apresenta\u00e7\u00f5es, eles (os artistas) tamb\u00e9m conhecem melhor o nosso  interior&#8221;, declarou Alckmin.<\/p>\n<p>Neste ano, destaque para grandes nomes da  m\u00fasica brasileira como Faf\u00e1 de Bel\u00e9m, Renato Teixeira, Angra, Jamel\u00e3o Neto e  Charlie Brown Jr., que participam pela primeira vez da Virada. Al\u00e9m destes,  tamb\u00e9m estar\u00e3o presentes Toquinho, Almir Sater, Paralamas do Sucesso, Ultraje a  Rigor, Elba Ramalho, Tit\u00e3s, Zeca Baleiro, Dominguinhos, Lb\u00e3o e Arnaldo Antunes.  Jovens talentos como Maria Gad\u00fa, Tulipa Ruiz, Marcelo Jeneci, Thiago Pethit,  Lulina, Les Pops, Luisa Maita e Karina Buhr complementam a lista. Como na edi\u00e7\u00e3o  passada, a Secretaria de Estado da Cultura traz artistas estrangeiros. Para este  ano, a Virada conta com shows de Agn\u00e8s Jaoui, Pink Martini e Superchunk.<\/p>\n<p>A Virada 2011 ter\u00e1 ainda uma intensa programa\u00e7\u00e3o  de espet\u00e1culos de teatro, com pe\u00e7as como <em>An\u00e1lise Comportamental e Cr\u00edtica da  M\u00fasica Eduardo e Monica<\/em>, com dire\u00e7\u00e3o de Fernanda D&#8217;Umbra em Assis;  <em>Assembl\u00e9ia dos Bichos<\/em>, da Bendita Trupe em Botucatu; <em>Bichos do  Brasil<\/em>, com Pia Fraus em Franca; e espet\u00e1culos de dan\u00e7a, interven\u00e7\u00f5es  urbanas, <em>stand up comedy<\/em>, circo, cinema, arte de rua e m\u00fasica  erudita.<\/p>\n<p>&#8220;O programada cumpre a sua miss\u00e3o de levar  cultura de qualidade para cidades do interior e litoral do Estado. A Virada  Cultural Paulista cresce a cada ano, leva pessoas \u00e0s ruas e auxilia na forma\u00e7\u00e3o  de p\u00fablico em S\u00e3o Paulo&#8221;, afirma o Secret\u00e1rio de Estado da Cultura Andrea  Matarazzo.<br \/>\nO SESC S\u00e3o Paulo, como nas edi\u00e7\u00f5es anteriores, \u00e9 parceiro do  evento, desenvolvendo uma s\u00e9rie de atividades em suas unidades do interior e  litoral. O diretor regional do SESC S\u00e3o Paulo, Danilo Santos de Miranda, destaca  a import\u00e2ncia do envolvimento da institui\u00e7\u00e3o na Virada Cultural Paulista como  &#8220;uma oportunidade de ampliar o raio de a\u00e7\u00e3o e de experi\u00eancias da institui\u00e7\u00e3o,  proporcionando ambientes que favore\u00e7am a conviv\u00eancia e a aprecia\u00e7\u00e3o cr\u00edtica e  criativa como elementos para o desenvolvimento social do  indiv\u00edduo&#8221;.<\/p>\n<p>Programa\u00e7\u00e3o<\/p>\n<p>A cineasta, atriz e  cantora francesa Agn\u00e8s Jaoui leva aos palcos de Ribeir\u00e3o Preto e Jundia\u00ed sua  interpreta\u00e7\u00e3o, em portugu\u00eas e espanhol, de m\u00fasicas latinas. A diretora do  premiado <em>O Gosto dos Outros<\/em>, Agn\u00e8s canta cl\u00e1ssicos como <em>Olhos nos  Olhos<\/em>, de Chico Buarque, entre outros. Para os f\u00e3s do pop rock, vale  conferir os shows do Superchunk em Mogi das Cruzes e Sorocaba. A banda Pink  Martini apresenta um mix de m\u00fasica cl\u00e1ssica, jazz e cl\u00e1ssicos em Piracicaba e  S\u00e3o Jos\u00e9 do Rio Preto.<\/p>\n<p>Um dos nomes badalados da nova MPB, Maria Gad\u00fa  leva seu repert\u00f3rio para Araraquara. Aos 22 anos, sua voz suave arrancou elogios  de Caetano Veloso e Milton Nascimento. Na Virada, a cantora apresenta sucessos  do disco <em>Maria Gad\u00fa 2009<\/em>, como <em>Shimbalai\u00ea<\/em>, <em>A Hist\u00f3ria de  Lili Braun<\/em> entre outros. Outro destaque \u00e9 a veterana Faf\u00e1 de Bel\u00e9m, que  comemora 35 anos de carreira com o p\u00fablico de Ara\u00e7atuba.<\/p>\n<p>Jovens artistas  t\u00eam espa\u00e7o garantido na programa\u00e7\u00e3o da Virada. Est\u00e3o confirmados shows de Tulipa  Ruiz em Ara\u00e7atuba e S\u00e3o Carlos. Cantora, compositora e desenhista, Tulipa Ruiz \u00e9  uma das apostas da MPB moderna assim como o multiinstrumentista Marcelo Jeneci  que se apresenta em Araraquara e Indaiatuba. Completam o time Thiago Pethit  (Mogi das Cruzes), Lulina (Santa B\u00e1rbara), Luisa Maita (Mogi das Cruzes e Santa  B\u00e1rbara), Karina Buhr (Santos e S\u00e3o Carlos) e Les Pops (S\u00e3o Jos\u00e9 dos  Campos).<\/p>\n<p>A Virada tamb\u00e9m aposta nas novas bandas. Apanhador de P\u00f3 se  apresenta em Mar\u00edlia e S\u00e3o Jos\u00e9 do Rio Preto; Do Amor tem show marcado para S\u00e3o  Carlos; Guizado vai para Jundia\u00ed, Vega em Indaiatuba e Vespas Mandarinas em S\u00e3o  Jos\u00e9 do Rio Preto.<\/p>\n<p>Sucesso garantido na programa\u00e7\u00e3o, artistas e grupos de  <em>stand up comedy<\/em> t\u00eam apresenta\u00e7\u00f5es marcadas para as 2h30. Nany People  apresenta-se em Piracicaba. Em Araraquara, vale a pena conferir a apresenta\u00e7\u00e3o  de Marcelo Mansfield. \u00c2ngela Dip sobe ao palco de Araraquara.<\/p>\n<p>Dentre os  espet\u00e1culos de dan\u00e7a, a S\u00e3o Paulo Companhia de Dan\u00e7a leva suas sapatilhas para  Santos; o Ballet Stagium dan\u00e7a nos palcos de Santa B\u00e1rbara e Santo Andr\u00e9. J\u00e1 o  Cisne Negro marca presen\u00e7a em S\u00e3o Carlos e S\u00e3o Jos\u00e9 do Rio Preto.<\/p>\n<p>A  programa\u00e7\u00e3o pr\u00e9via est\u00e1 publicada no site <a href=\"http:\/\/www.cultura.sp.gov.br\/\" target=\"_blank\">www.cultura.sp.gov.br<\/a>.<\/p>\n<p>Hist\u00f3rico<\/p>\n<p>A  Virada Cultural Paulista \u00e9 o maior evento cultural do interior e litoral de S\u00e3o  Paulo. Inspirada na Virada Cultural da capital, criada na gest\u00e3o de Jos\u00e9 Serra  quando prefeito de S\u00e3o Paulo, a Virada Cultural Paulista foi lan\u00e7ada em 2007 em  10 cidades, que receberam 381 atra\u00e7\u00f5es. Em 2008, mais de 740 mil pessoas  compareceram \u00e0 Virada em 19 munic\u00edpios e puderam conferir 476 espet\u00e1culos. Na  edi\u00e7\u00e3o de 2009, o p\u00fablico presente nas 20 cidades ultrapassou a marca de um  milh\u00e3o de pessoas, que conferiram mais de 560 atra\u00e7\u00f5es. Em 2010, a Virada  atingiu a marca de 1,6 milh\u00e3o de pessoas. Para 2011, a expectativa \u00e9 atingir o  mesmo n\u00famero de p\u00fablico.<\/p>\n<p>Acompanhe as informa\u00e7\u00f5es da Virada Cultural  Paulista nos twitters: <a href=\"http:\/\/www.twitter.com\/viradasp\" target=\"_blank\">www.twitter.com\/viradasp<\/a> e <a href=\"http:\/\/www.twitter.com\/culturasp\" target=\"_blank\">www.twitter.com\/culturasp<\/a><\/p>\n<p>E no Facebook: <a href=\"http:\/\/www.facebook.com\/culturasp\" target=\"_blank\">www.facebook.com\/culturasp<\/a><\/p>\n<p>Da  Secretaria da Cultura de S\u00e3o Paulo<\/p>\n","protected":false},"excerpt":{"rendered":"<p>O governador Geraldo Alckmin e o\u00a0secret\u00e1rio\u00a0da Cultura, Andrea Matarazzo, lan\u00e7aram, nesta ter\u00e7a-feira, 22,\u00a0a programa\u00e7\u00e3o da Virada Cultural Paulista 2011. Promovida desde 2007 pelo Governo do Estado, por meio da Secretaria da Cultura, o evento ocorrer\u00e1, este ano, em 22 cidades do Estado, nos dias 14 e 15 de maio. A solenidade contou com a apresenta\u00e7\u00e3o [&hellip;]<\/p>\n","protected":false},"author":3,"featured_media":0,"comment_status":"open","ping_status":"open","sticky":false,"template":"","format":"standard","meta":{"tdm_status":"","tdm_grid_status":"","footnotes":""},"categories":[22],"tags":[],"class_list":{"0":"post-33689","1":"post","2":"type-post","3":"status-publish","4":"format-standard","6":"category-brasil"},"_links":{"self":[{"href":"https:\/\/migracao.redenoticia.com.br\/noticia\/wp-json\/wp\/v2\/posts\/33689","targetHints":{"allow":["GET"]}}],"collection":[{"href":"https:\/\/migracao.redenoticia.com.br\/noticia\/wp-json\/wp\/v2\/posts"}],"about":[{"href":"https:\/\/migracao.redenoticia.com.br\/noticia\/wp-json\/wp\/v2\/types\/post"}],"author":[{"embeddable":true,"href":"https:\/\/migracao.redenoticia.com.br\/noticia\/wp-json\/wp\/v2\/users\/3"}],"replies":[{"embeddable":true,"href":"https:\/\/migracao.redenoticia.com.br\/noticia\/wp-json\/wp\/v2\/comments?post=33689"}],"version-history":[{"count":0,"href":"https:\/\/migracao.redenoticia.com.br\/noticia\/wp-json\/wp\/v2\/posts\/33689\/revisions"}],"wp:attachment":[{"href":"https:\/\/migracao.redenoticia.com.br\/noticia\/wp-json\/wp\/v2\/media?parent=33689"}],"wp:term":[{"taxonomy":"category","embeddable":true,"href":"https:\/\/migracao.redenoticia.com.br\/noticia\/wp-json\/wp\/v2\/categories?post=33689"},{"taxonomy":"post_tag","embeddable":true,"href":"https:\/\/migracao.redenoticia.com.br\/noticia\/wp-json\/wp\/v2\/tags?post=33689"}],"curies":[{"name":"wp","href":"https:\/\/api.w.org\/{rel}","templated":true}]}}