{"id":33690,"date":"2011-02-22T13:22:07","date_gmt":"2011-02-22T17:22:07","guid":{"rendered":"http:\/\/www.redenoticia.com.br\/noticia\/?p=33690"},"modified":"2011-02-22T13:22:07","modified_gmt":"2011-02-22T17:22:07","slug":"inscricoes-para-o-premio-sao-paulo-de-literatura-2011","status":"publish","type":"post","link":"https:\/\/migracao.redenoticia.com.br\/noticia\/2011\/inscricoes-para-o-premio-sao-paulo-de-literatura-2011\/33690","title":{"rendered":"Inscri\u00e7\u00f5es para o Pr\u00eamio S\u00e3o Paulo de Literatura 2011"},"content":{"rendered":"<h2><span style=\"font-size: 13px; font-weight: normal;\">No ano passado, o <\/span><span style=\"font-size: 13px;\"><em>Pr\u00eamio S\u00e3o Paulo de Literatura<\/em><\/span><span style=\"font-size: 13px; font-weight: normal;\">, da Secretaria  de Estado da Cultura, deu a largada para a consagra\u00e7\u00e3o do estreante Edney  Silvestre e tamb\u00e9m celebrou o pernambucano Raimundo Carrero. Desde a  \u00faltima\u00a0quinta-feira, 17, autores e editoras que publicaram romances em 2010 j\u00e1  podem inscrever as obras em uma das categorias do Pr\u00eamio: Melhor Livro do Ano e  Melhor Livro do Ano &#8211; Autor Estreante. O pr\u00eamio vai conceder R$ 200 mil para o  melhor livro do ano e o mesmo valor para a melhor obra de autor  estreante.<\/span><\/h2>\n<p>&#8220;O Governo do Estado de S\u00e3o Paulo incentiva a leitura por meio  de v\u00e1rios eventos e programas da Secretaria de Cultura. Enquanto o Pr\u00eamio S\u00e3o  Paulo de Literatura festeja os autores novos e os j\u00e1 consagrados, o programa  Viagem Liter\u00e1ria aproxima leitores de escritores, por meio de encontros nas  bibliotecas municipais. H\u00e1 ainda o Festival da Mantiqueira, que promove o debate  entre autores e p\u00fablico, em S\u00e3o Francisco Xavier&#8221;, afirma Andrea Matarazzo,  secret\u00e1rio da Cultura.<\/p>\n<p>Para concorrer ao pr\u00eamio, os livros de fic\u00e7\u00e3o do  g\u00eanero romance devem ser escritos em l\u00edngua portuguesa, publicados e  comercializados pela primeira vez em 2010. <a href=\"http:\/\/www.cultura.sp.gov.br\/portal\/site\/SEC\/menuitem.e99818a788c00ec40fc55410e2308ca0\/?vgnextoid=bbdc4a3c667bb110VgnVCM100000ac061c0aRCRD\" target=\"_blank\">Confira  o\u00a0regulamento completo do Pr\u00eamio S\u00e3o Paulo de Literatura<\/a>.<\/p>\n<p>At\u00e9 o dia 4  de abril, escritores e editoras podem entregar a documenta\u00e7\u00e3o necess\u00e1ria  pessoalmente ou enviar pelos correios para a Secretaria de Estado da Cultura \/  N\u00facleo de Protocolo e Expedi\u00e7\u00e3o. Rua Mau\u00e1, 51, Luz. S\u00e3o Paulo &#8211; SP. CEP  01028-900.<\/p>\n<p>Os finalistas, no m\u00e1ximo dez em cada categoria, ser\u00e3o  anunciados durante o IV Festival da Mantiqueira &#8211; Di\u00e1logos com a Literatura,  realizado em maio, em S\u00e3o Francisco Xavier (SP). Os dois grandes vencedores do  Pr\u00eamio S\u00e3o Paulo da Literatura ser\u00e3o conhecidos durante a cerim\u00f4nia de premia\u00e7\u00e3o  no dia 1\u00ba de agosto, no Museu da L\u00edngua Portuguesa.<\/p>\n<p>Da Secretaria  da Cultura<\/p>\n","protected":false},"excerpt":{"rendered":"<p>No ano passado, o Pr\u00eamio S\u00e3o Paulo de Literatura, da Secretaria de Estado da Cultura, deu a largada para a consagra\u00e7\u00e3o do estreante Edney Silvestre e tamb\u00e9m celebrou o pernambucano Raimundo Carrero. Desde a \u00faltima\u00a0quinta-feira, 17, autores e editoras que publicaram romances em 2010 j\u00e1 podem inscrever as obras em uma das categorias do Pr\u00eamio: [&hellip;]<\/p>\n","protected":false},"author":3,"featured_media":0,"comment_status":"open","ping_status":"open","sticky":false,"template":"","format":"standard","meta":{"tdm_status":"","tdm_grid_status":"","footnotes":""},"categories":[22,370,353],"tags":[],"class_list":{"0":"post-33690","1":"post","2":"type-post","3":"status-publish","4":"format-standard","6":"category-brasil","7":"category-inscricao","8":"category-oportunidades"},"_links":{"self":[{"href":"https:\/\/migracao.redenoticia.com.br\/noticia\/wp-json\/wp\/v2\/posts\/33690","targetHints":{"allow":["GET"]}}],"collection":[{"href":"https:\/\/migracao.redenoticia.com.br\/noticia\/wp-json\/wp\/v2\/posts"}],"about":[{"href":"https:\/\/migracao.redenoticia.com.br\/noticia\/wp-json\/wp\/v2\/types\/post"}],"author":[{"embeddable":true,"href":"https:\/\/migracao.redenoticia.com.br\/noticia\/wp-json\/wp\/v2\/users\/3"}],"replies":[{"embeddable":true,"href":"https:\/\/migracao.redenoticia.com.br\/noticia\/wp-json\/wp\/v2\/comments?post=33690"}],"version-history":[{"count":0,"href":"https:\/\/migracao.redenoticia.com.br\/noticia\/wp-json\/wp\/v2\/posts\/33690\/revisions"}],"wp:attachment":[{"href":"https:\/\/migracao.redenoticia.com.br\/noticia\/wp-json\/wp\/v2\/media?parent=33690"}],"wp:term":[{"taxonomy":"category","embeddable":true,"href":"https:\/\/migracao.redenoticia.com.br\/noticia\/wp-json\/wp\/v2\/categories?post=33690"},{"taxonomy":"post_tag","embeddable":true,"href":"https:\/\/migracao.redenoticia.com.br\/noticia\/wp-json\/wp\/v2\/tags?post=33690"}],"curies":[{"name":"wp","href":"https:\/\/api.w.org\/{rel}","templated":true}]}}