{"id":33693,"date":"2011-02-22T13:40:04","date_gmt":"2011-02-22T17:40:04","guid":{"rendered":"http:\/\/www.redenoticia.com.br\/noticia\/?p=33693"},"modified":"2011-02-22T13:40:04","modified_gmt":"2011-02-22T17:40:04","slug":"ipea-divulga-estudo-sobre-comercio-internacional","status":"publish","type":"post","link":"https:\/\/migracao.redenoticia.com.br\/noticia\/2011\/ipea-divulga-estudo-sobre-comercio-internacional\/33693","title":{"rendered":"Ipea divulga estudo sobre Com\u00e9rcio Internacional"},"content":{"rendered":"<p>O Instituto de Pesquisa Econ\u00f4mica Aplicada (<strong><em>Ipea<\/em><\/strong>) apresentou nesta  ter\u00e7a-feira o Comunicado do Ipea n\u00b0 79: <strong><em>Com\u00e9rcio Internacional  e a Sustentabilidade Socioambiental no Brasil<\/em><\/strong>, parte da s\u00e9rie Eixos do  <strong><em>Desenvolvimento Brasileiro<\/em><\/strong>.\u00a0O Comunicado faz parte de um conjunto amplo de estudos sobre o  que tem sido chamado, dentro da institui\u00e7\u00e3o, de Eixos do Desenvolvimento  Brasileiro: Inser\u00e7\u00e3o internacional soberana; Macroeconomia para o  desenvolvimento; Fortalecimento do Estado, das institui\u00e7\u00f5es e da Democracia;  Infraestrutura econ\u00f4mica, social e urbana; Estrutura tecnoprodutiva integrada e  regionalmente articulada; Prote\u00e7\u00e3o social, garantia de direitos e gera\u00e7\u00e3o de  oportunidades; e Sustentabilidade ambiental.<\/p>\n<p>O Comunicado do Ipea n\u00ba 79, aborda a pauta de exporta\u00e7\u00e3o brasileira, o  com\u00e9rcio internacional com enfoque nos pa\u00edses perif\u00e9ricos, os poss\u00edveis efeitos  da inser\u00e7\u00e3o do Brasil como fornecedor de mat\u00e9ria-prima, os diversos grupos de  produtos exportados com enfoque na intensidade tecnol\u00f3gica, e tamb\u00e9m trata dos  produtos conforme a intensidade energ\u00e9tica de sua produ\u00e7\u00e3o. A pesquisa analisa a  exporta\u00e7\u00e3o de commodities pelo Brasil e aponta fragilidades e solu\u00e7\u00f5es para o  respeito \u00e0s legisla\u00e7\u00f5es ambientais no que tange a produ\u00e7\u00e3o e exporta\u00e7\u00e3o dos  produtos brasileiros.<\/p>\n<p>A s\u00e9rie Sustentabilidade Ambiental no Brasil: Biodiversidade, economia e  bem-estar humano faz uma an\u00e1lise de diversos setores relacionados ao meio  ambiente no Brasil. E busca servir como uma sistematiza\u00e7\u00e3o e reflex\u00e3o sobre os  desafios e oportunidades do tema meio ambiente, de forma a fornecer ao Brasil o  conhecimento cr\u00edtico necess\u00e1rio \u00e0 tomada de posi\u00e7\u00e3o frente aos desafios da  sustentabilidade ambiental.<\/p>\n<p>Comunicados<br \/>\nO livro Sustentabilidade Ambiental no Brasil: Biodiversidade,  economia e bem-estar humano, cujos cap\u00edtulos deram origem aos comunicados da  s\u00e9rie, cont\u00e9m outros 14 cap\u00edtulos sobre temas relacionados ao meio ambiente no  Brasil.<\/p>\n<p>Dentro da s\u00e9rie, ainda ser\u00e3o divulgados comunicados sobre pol\u00edticas  p\u00fablicas de meio ambiente, Mecanismo de Desenvolvimento Limpo (MDL), direito  ambiental, emprego verde e sustentabilidade na constru\u00e7\u00e3o civil.<\/p>\n<p>Confira os pr\u00f3ximos Comunicados da s\u00e9rie Sustentabilidade Ambiental no  Brasil: Biodiversidade, economia e bem-estar humano:<br \/>\n23\/2 \u2013 Utiliza\u00e7\u00e3o do  Mecanismo de Desenvolvimento Limpo, MDL (Rio de Janeiro)<br \/>\n24\/2 \u2013 Direito  ambiental Brasileiro: Lei dos crimes ambientais (S\u00e3o Paulo)<br \/>\n1\u00ba\/3 \u2013 Uso do  poder de compra para a melhoria do meio ambiente (Bras\u00edlia)<\/p>\n<p>Ipea &#8211; Instituto  de Pesquisa Econ\u00f4mica Aplicada<br \/>\n<a href=\"http:\/\/www.ipea.gov.br\" target=\"_blank\">www.ipea.gov.br<\/a><\/p>\n<p>Funda\u00e7\u00e3o p\u00fablica vinculada  \u00e0 Secretaria de Assuntos Estrat\u00e9gicos, o Instituto de Pesquisa Econ\u00f4mica  Aplicada fornece suporte t\u00e9cnico e institucional \u00e0s a\u00e7\u00f5es governamentais &#8211;  possibilitando a formula\u00e7\u00e3o de in\u00fameras pol\u00edticas p\u00fablicas e programas de  desenvolvimento brasileiro &#8211; e disponibiliza, para a sociedade, pesquisas e  estudos realizados por seus t\u00e9cnicos.<\/p>\n","protected":false},"excerpt":{"rendered":"<p>O Instituto de Pesquisa Econ\u00f4mica Aplicada (Ipea) apresentou nesta ter\u00e7a-feira o Comunicado do Ipea n\u00b0 79: Com\u00e9rcio Internacional e a Sustentabilidade Socioambiental no Brasil, parte da s\u00e9rie Eixos do Desenvolvimento Brasileiro.\u00a0O Comunicado faz parte de um conjunto amplo de estudos sobre o que tem sido chamado, dentro da institui\u00e7\u00e3o, de Eixos do Desenvolvimento Brasileiro: Inser\u00e7\u00e3o [&hellip;]<\/p>\n","protected":false},"author":3,"featured_media":0,"comment_status":"open","ping_status":"open","sticky":false,"template":"","format":"standard","meta":{"tdm_status":"","tdm_grid_status":"","footnotes":""},"categories":[22,7],"tags":[],"class_list":{"0":"post-33693","1":"post","2":"type-post","3":"status-publish","4":"format-standard","6":"category-brasil","7":"category-economia"},"_links":{"self":[{"href":"https:\/\/migracao.redenoticia.com.br\/noticia\/wp-json\/wp\/v2\/posts\/33693","targetHints":{"allow":["GET"]}}],"collection":[{"href":"https:\/\/migracao.redenoticia.com.br\/noticia\/wp-json\/wp\/v2\/posts"}],"about":[{"href":"https:\/\/migracao.redenoticia.com.br\/noticia\/wp-json\/wp\/v2\/types\/post"}],"author":[{"embeddable":true,"href":"https:\/\/migracao.redenoticia.com.br\/noticia\/wp-json\/wp\/v2\/users\/3"}],"replies":[{"embeddable":true,"href":"https:\/\/migracao.redenoticia.com.br\/noticia\/wp-json\/wp\/v2\/comments?post=33693"}],"version-history":[{"count":0,"href":"https:\/\/migracao.redenoticia.com.br\/noticia\/wp-json\/wp\/v2\/posts\/33693\/revisions"}],"wp:attachment":[{"href":"https:\/\/migracao.redenoticia.com.br\/noticia\/wp-json\/wp\/v2\/media?parent=33693"}],"wp:term":[{"taxonomy":"category","embeddable":true,"href":"https:\/\/migracao.redenoticia.com.br\/noticia\/wp-json\/wp\/v2\/categories?post=33693"},{"taxonomy":"post_tag","embeddable":true,"href":"https:\/\/migracao.redenoticia.com.br\/noticia\/wp-json\/wp\/v2\/tags?post=33693"}],"curies":[{"name":"wp","href":"https:\/\/api.w.org\/{rel}","templated":true}]}}