{"id":33696,"date":"2011-02-23T00:05:10","date_gmt":"2011-02-23T04:05:10","guid":{"rendered":"http:\/\/www.redenoticia.com.br\/noticia\/?p=33696"},"modified":"2018-08-13T10:33:32","modified_gmt":"2018-08-13T13:33:32","slug":"desafio-do-quarto-do-terror-movimenta-madrugada-no-bbb-11","status":"publish","type":"post","link":"https:\/\/migracao.redenoticia.com.br\/noticia\/2011\/desafio-do-quarto-do-terror-movimenta-madrugada-no-bbb-11\/33696","title":{"rendered":"Desafio do quarto do terror movimenta madrugada no BBB 11"},"content":{"rendered":"<p><strong><em><img loading=\"lazy\" decoding=\"async\" class=\"alignleft size-full wp-image-22134\" title=\"BBB 11 Rede Globo\" src=\"https:\/\/migracao.redenoticia.com.br\/noticia\/imagens\/BBB-10-Rede-Globo.jpg\" alt=\"\" width=\"300\" height=\"193\" srcset=\"https:\/\/migracao.redenoticia.com.br\/noticia\/imagens\/BBB-10-Rede-Globo.jpg 300w, https:\/\/migracao.redenoticia.com.br\/noticia\/imagens\/BBB-10-Rede-Globo-250x161.jpg 250w, https:\/\/migracao.redenoticia.com.br\/noticia\/imagens\/BBB-10-Rede-Globo-150x97.jpg 150w\" sizes=\"auto, (max-width: 300px) 100vw, 300px\" \/>BBB 11<\/em><\/strong>: o desafio do <strong><em>quarto do terror<\/em><\/strong> movimentou a madrugada desta quarta-feira (23\/02) nas casas do BBB 11. As equipes tiveram que eleger um candidato para o pr\u00f3ximo pared\u00e3o. A equipe B decidiu primeiro, e a eleita foi Janaina. A equipe da casa luxo escolheu Talula. Enquanto as escolhas foram feitas, Paula e Diana estavam no quarto do terror testando 2.000 chaves para abrir dois cadeados, no escuro, em at\u00e9 10 horas. Elas abriram os cadeados ap\u00f3s aproximadamente duas horas, se livraram do quarto do terror e cairam na piscina.<\/p>\n<p>Paula machucou o tornozelo, mesmo assim ela e Diana tiveram que decidir a indicada para o pr\u00f3ximo pared\u00e3o entre Talula e Janaina. Paula foi irredut\u00edvel e disse que em Talula n\u00e3o votaria. Diana ficou na d\u00favida. Pressionadas pela produ\u00e7\u00e3o elas decidiram por Janaina. A justificativa foi que na opini\u00e3o delas Janaina \u00e9 mais forte e tem mais chance de ficar no BBB 11.<\/p>\n<p>Antes do desafio do quarto do terror a Rede Globo mostrou a elimina\u00e7\u00e3o ao vivo de Adriana. Ela foi eliminada com 45% dos votos do p\u00fablico e foi abra\u00e7ada pela sua m\u00e3e, familiares e amigos. Rodrig\u00e3o comentou que se tivesse namorado a modelo estaria sofrendo mais.<\/p>\n<p>O BBB 11 vai ao ar do dia 11 de janeiro at\u00e9 o dia 29 de mar\u00e7o. Os grupos est\u00e3o divididos em Grupo A \u2013 Talula, Maria, Paula, Wesley, Jaqueline e Rodrig\u00e3o; Grupo B \u2013 Diana, Maur\u00edcio, Janaina, Diogo e Daniel.<\/p>\n<p>BBB 11 &#8211; quarto do terror<\/p>\n","protected":false},"excerpt":{"rendered":"<p>BBB 11: o desafio do quarto do terror movimentou a madrugada desta quarta-feira (23\/02) nas casas do BBB 11. As equipes tiveram que eleger um candidato para o pr\u00f3ximo pared\u00e3o. A equipe B decidiu primeiro, e a eleita foi Janaina. A equipe da casa luxo escolheu Talula. Enquanto as escolhas foram feitas, Paula e Diana [&hellip;]<\/p>\n","protected":false},"author":3,"featured_media":22134,"comment_status":"open","ping_status":"open","sticky":false,"template":"","format":"standard","meta":{"tdm_status":"","tdm_grid_status":"","footnotes":""},"categories":[520,22,375,343],"tags":[],"class_list":{"0":"post-33696","1":"post","2":"type-post","3":"status-publish","4":"format-standard","5":"has-post-thumbnail","7":"category-big-brother-brasil","8":"category-brasil","9":"category-rede-globo","10":"category-televisao"},"_links":{"self":[{"href":"https:\/\/migracao.redenoticia.com.br\/noticia\/wp-json\/wp\/v2\/posts\/33696","targetHints":{"allow":["GET"]}}],"collection":[{"href":"https:\/\/migracao.redenoticia.com.br\/noticia\/wp-json\/wp\/v2\/posts"}],"about":[{"href":"https:\/\/migracao.redenoticia.com.br\/noticia\/wp-json\/wp\/v2\/types\/post"}],"author":[{"embeddable":true,"href":"https:\/\/migracao.redenoticia.com.br\/noticia\/wp-json\/wp\/v2\/users\/3"}],"replies":[{"embeddable":true,"href":"https:\/\/migracao.redenoticia.com.br\/noticia\/wp-json\/wp\/v2\/comments?post=33696"}],"version-history":[{"count":0,"href":"https:\/\/migracao.redenoticia.com.br\/noticia\/wp-json\/wp\/v2\/posts\/33696\/revisions"}],"wp:featuredmedia":[{"embeddable":true,"href":"https:\/\/migracao.redenoticia.com.br\/noticia\/wp-json\/wp\/v2\/media\/22134"}],"wp:attachment":[{"href":"https:\/\/migracao.redenoticia.com.br\/noticia\/wp-json\/wp\/v2\/media?parent=33696"}],"wp:term":[{"taxonomy":"category","embeddable":true,"href":"https:\/\/migracao.redenoticia.com.br\/noticia\/wp-json\/wp\/v2\/categories?post=33696"},{"taxonomy":"post_tag","embeddable":true,"href":"https:\/\/migracao.redenoticia.com.br\/noticia\/wp-json\/wp\/v2\/tags?post=33696"}],"curies":[{"name":"wp","href":"https:\/\/api.w.org\/{rel}","templated":true}]}}