{"id":33701,"date":"2011-02-23T10:32:15","date_gmt":"2011-02-23T14:32:15","guid":{"rendered":"http:\/\/www.redenoticia.com.br\/noticia\/?p=33701"},"modified":"2011-02-23T10:32:15","modified_gmt":"2011-02-23T14:32:15","slug":"plano-para-combater-dengue-no-amazonas","status":"publish","type":"post","link":"https:\/\/migracao.redenoticia.com.br\/noticia\/2011\/plano-para-combater-dengue-no-amazonas\/33701","title":{"rendered":"Plano para combater dengue no Amazonas"},"content":{"rendered":"<p>Em visita a Manaus no \u00faltimo domingo (20), onde se reuniu com o governador  Omar Aziz, o prefeito de Manaus, Amazonino Mendes, e prefeitos de munic\u00edpios do  interior do Estado, o Ministro da Sa\u00fade, Alexandre Padilha, anunciou a cria\u00e7\u00e3o  de um plano de conting\u00eancia, vigente at\u00e9 maio, contra a <strong><em>epidemia de dengue no  Amazonas<\/em><\/strong>. O plano prev\u00ea medidas para conter o avan\u00e7o da doen\u00e7a atender os  doentes, evitando o agravamento dos casos.<\/p>\n<p>O conjunto de medidas potencializa os repasses feitos pelo minist\u00e9rio  para a sa\u00fade do Amazonas e de seus munic\u00edpios: de cerca de R$ 49 milh\u00f5es mensais  para assist\u00eancia e de R$ 11,6 milh\u00f5es, a cada quadrimestre, para vigil\u00e2ncia.<\/p>\n<p>O Estado receber\u00e1 10 ve\u00edculos para aplica\u00e7\u00e3o de fumac\u00ea e 35 m\u00e1quinas  costais, num valor total de cerca de R$ 1,3 milh\u00e3o. Tamb\u00e9m dentro do plano, o  departamento de comunica\u00e7\u00e3o do minist\u00e9rio elaborar\u00e1 e financiar\u00e1, em parceria  com o governo estadual e as prefeituras, a\u00e7\u00f5es de m\u00eddia espec\u00edficas para o  Estado, refor\u00e7ando a campanha de mobiliza\u00e7\u00e3o social eliminar focos de reprodu\u00e7\u00e3o  do mosquito.<\/p>\n<p>Na reuni\u00e3o, ficou acertado refor\u00e7o ao quadro de profissionais da sa\u00fade  com o deslocamento dos 140 m\u00e9dicos que comp\u00f5em as equipes de sa\u00fade da fam\u00edlia  para os centros de sa\u00fade e hospitais. Com a medida, o n\u00famero de centros de sa\u00fade  funcionando em hor\u00e1rio estendido (at\u00e9 as 22h) durante a epidemia passar\u00e1 das  oito atuais para 47 at\u00e9 o Carnaval.<\/p>\n<p>Sala de situa\u00e7\u00e3o &#8211; Foi criada uma sala de situa\u00e7\u00e3o para acompanhar a  evolu\u00e7\u00e3o da epidemia, com participa\u00e7\u00e3o de dois t\u00e9cnicos do minist\u00e9rio que  permanecer\u00e3o em Manaus durante o surto. \u201cA partir das necessidades apontadas  pela sala de situa\u00e7\u00e3o, o minist\u00e9rio poder\u00e1 agir com mais efic\u00e1cia e precis\u00e3o no  apoio ao governo do Estado e aos munic\u00edpios do Amazonas, inclusive realizando  novos repasses de recursos\u201d, enfatizou o ministro Alexandre Padilha. Ele destaca  o apoio do minist\u00e9rio para contratar mais m\u00e9dicos plantonistas durante a  epidemia.<\/p>\n<p>De imediato, o minist\u00e9rio repassar\u00e1 R$ 3 milh\u00f5es para auxiliar o Estado  em a\u00e7\u00f5es como contrata\u00e7\u00e3o de pessoal, aquisi\u00e7\u00e3o de insumos e equipamentos para  assist\u00eancia aos doentes, amplia\u00e7\u00e3o da campanha preventiva e a\u00e7\u00f5es de vigil\u00e2ncia.  O recurso adicional soma-se ao liberado por uma portaria de 10 de fevereiro, que  destinou R$ 3,65 milh\u00f5es ao Estado, usados na instala\u00e7\u00e3o de 60 novos leitos.<\/p>\n<p>O governador Omar Aziz se comprometeu a repassar recursos aos munic\u00edpios  para a\u00e7\u00f5es de limpeza p\u00fablica e promover\u00e1, nesta sexta-feira, grande mobiliza\u00e7\u00e3o  conjunta com os munic\u00edpios para combate \u00e0 dengue. Durante a epidemia, o Estado  poder\u00e1 solicitar, para pagar pelas a\u00e7\u00f5es de limpeza urbana, destina\u00e7\u00e3o  emergencial de 2% dos recursos dispon\u00edveis para a\u00e7\u00f5es de infraestrutura social e  urbana do Programa de Acelera\u00e7\u00e3o do Crescimento (PAC).<\/p>\n<p>Alerta &#8211; O Amazonas \u00e9 um dos 16 estados com risco muito alto de epidemia  de dengue em 2011. O alerta \u00e9 do \u201cRisco Dengue\u201d, ferramenta que indica a  probabilidade de epidemia ao combinar fatores do setor sa\u00fade (n\u00famero de casos,  circula\u00e7\u00e3o dos sorotipos virais, infesta\u00e7\u00e3o pelo mosquito), de infraestrutura  (saneamento e abastecimento de \u00e1gua) e demogr\u00e1ficos (densidade  populacional).<\/p>\n<p>O Levantamento de \u00cdndice R\u00e1pido de Infesta\u00e7\u00e3o por Aedes  aegypti (LIRAa), realizado em outubro de 2010, revelou que Manaus estava em  situa\u00e7\u00e3o de alerta, com presen\u00e7a de focos do mosquito transmissor em 2,4% das  resid\u00eancias. Humait\u00e1 \u2013 um dos munic\u00edpios que enfrentam aumento de casos  atualmente no estado \u2013 integrava a lista de 24 cidades com risco de surto, em  todo o pa\u00eds. Naquele levantamento, Humait\u00e1 apresentou larvas do mosquito em 4,8%  das resid\u00eancias. O LIRAa considera satisfat\u00f3rio o \u00edndice de infesta\u00e7\u00e3o abaixo de  1%. Entre 1,1% e 3,9%, a situa\u00e7\u00e3o \u00e9 de alerta. Acima de 3,9% de infesta\u00e7\u00e3o, h\u00e1  risco de surto.<\/p>\n","protected":false},"excerpt":{"rendered":"<p>Em visita a Manaus no \u00faltimo domingo (20), onde se reuniu com o governador Omar Aziz, o prefeito de Manaus, Amazonino Mendes, e prefeitos de munic\u00edpios do interior do Estado, o Ministro da Sa\u00fade, Alexandre Padilha, anunciou a cria\u00e7\u00e3o de um plano de conting\u00eancia, vigente at\u00e9 maio, contra a epidemia de dengue no Amazonas. O [&hellip;]<\/p>\n","protected":false},"author":3,"featured_media":0,"comment_status":"open","ping_status":"open","sticky":false,"template":"","format":"standard","meta":{"tdm_status":"","tdm_grid_status":"","footnotes":""},"categories":[22],"tags":[],"class_list":{"0":"post-33701","1":"post","2":"type-post","3":"status-publish","4":"format-standard","6":"category-brasil"},"_links":{"self":[{"href":"https:\/\/migracao.redenoticia.com.br\/noticia\/wp-json\/wp\/v2\/posts\/33701","targetHints":{"allow":["GET"]}}],"collection":[{"href":"https:\/\/migracao.redenoticia.com.br\/noticia\/wp-json\/wp\/v2\/posts"}],"about":[{"href":"https:\/\/migracao.redenoticia.com.br\/noticia\/wp-json\/wp\/v2\/types\/post"}],"author":[{"embeddable":true,"href":"https:\/\/migracao.redenoticia.com.br\/noticia\/wp-json\/wp\/v2\/users\/3"}],"replies":[{"embeddable":true,"href":"https:\/\/migracao.redenoticia.com.br\/noticia\/wp-json\/wp\/v2\/comments?post=33701"}],"version-history":[{"count":0,"href":"https:\/\/migracao.redenoticia.com.br\/noticia\/wp-json\/wp\/v2\/posts\/33701\/revisions"}],"wp:attachment":[{"href":"https:\/\/migracao.redenoticia.com.br\/noticia\/wp-json\/wp\/v2\/media?parent=33701"}],"wp:term":[{"taxonomy":"category","embeddable":true,"href":"https:\/\/migracao.redenoticia.com.br\/noticia\/wp-json\/wp\/v2\/categories?post=33701"},{"taxonomy":"post_tag","embeddable":true,"href":"https:\/\/migracao.redenoticia.com.br\/noticia\/wp-json\/wp\/v2\/tags?post=33701"}],"curies":[{"name":"wp","href":"https:\/\/api.w.org\/{rel}","templated":true}]}}